{"id":5561,"date":"2018-11-30T12:35:00","date_gmt":"2018-11-30T12:35:00","guid":{"rendered":"https:\/\/testavalems.opointzero.ch\/rhone-fm-ems-lassociation-faitiere-valaisanne-veut-retarder-au-maximum-lentree-en-residence\/"},"modified":"2021-09-05T12:36:31","modified_gmt":"2021-09-05T12:36:31","slug":"rhone-fm-ems-lassociation-faitiere-valaisanne-veut-retarder-au-maximum-lentree-en-residence","status":"publish","type":"post","link":"https:\/\/avalems.ch\/de\/rhone-fm-ems-lassociation-faitiere-valaisanne-veut-retarder-au-maximum-lentree-en-residence\/","title":{"rendered":"Rh\u00f4ne FM: EMS: l&#8217;association fa\u00eeti\u00e8re valaisanne veut retarder au maximum l&#8217;entr\u00e9e en r\u00e9sidence"},"content":{"rendered":"\n<p><a href=\"https:\/\/www.rhonefm.ch\/fr\/news\/ems-l-association-faitiere-valaisanne-veut-retarder-au-maximum-l-entree-en-residence-1228354\" target=\"_blank\" rel=\"noopener\">https:\/\/www.rhonefm.ch\/fr\/news\/ems-l-association-faitiere-valaisanne-veut-retarder-au-maximum-l-entree-en-residence-1228354<\/a><\/p>\n","protected":false},"excerpt":{"rendered":"<p>https:\/\/www.rhonefm.ch\/fr\/news\/ems-l-association-faitiere-valaisanne-veut-retarder-au-maximum-l-entree-en-residence-1228354<\/p>\n","protected":false},"author":152,"featured_media":2600,"comment_status":"open","ping_status":"open","sticky":false,"template":"","format":"standard","meta":{"footnotes":""},"categories":[1],"tags":[],"coauthors":[],"class_list":["post-5561","post","type-post","status-publish","format-standard","has-post-thumbnail","hentry","category-actualites"],"publishpress_future_action":{"enabled":false,"date":"2026-06-02 03:16:55","action":"change-status","newStatus":"draft","terms":[],"taxonomy":"category","extraData":[]},"publishpress_future_workflow_manual_trigger":{"enabledWorkflows":[]},"_links":{"self":[{"href":"https:\/\/avalems.ch\/de\/wp-json\/wp\/v2\/posts\/5561","targetHints":{"allow":["GET"]}}],"collection":[{"href":"https:\/\/avalems.ch\/de\/wp-json\/wp\/v2\/posts"}],"about":[{"href":"https:\/\/avalems.ch\/de\/wp-json\/wp\/v2\/types\/post"}],"author":[{"embeddable":true,"href":"https:\/\/avalems.ch\/de\/wp-json\/wp\/v2\/users\/152"}],"replies":[{"embeddable":true,"href":"https:\/\/avalems.ch\/de\/wp-json\/wp\/v2\/comments?post=5561"}],"version-history":[{"count":1,"href":"https:\/\/avalems.ch\/de\/wp-json\/wp\/v2\/posts\/5561\/revisions"}],"predecessor-version":[{"id":5562,"href":"https:\/\/avalems.ch\/de\/wp-json\/wp\/v2\/posts\/5561\/revisions\/5562"}],"wp:featuredmedia":[{"embeddable":true,"href":"https:\/\/avalems.ch\/de\/wp-json\/wp\/v2\/media\/2600"}],"wp:attachment":[{"href":"https:\/\/avalems.ch\/de\/wp-json\/wp\/v2\/media?parent=5561"}],"wp:term":[{"taxonomy":"category","embeddable":true,"href":"https:\/\/avalems.ch\/de\/wp-json\/wp\/v2\/categories?post=5561"},{"taxonomy":"post_tag","embeddable":true,"href":"https:\/\/avalems.ch\/de\/wp-json\/wp\/v2\/tags?post=5561"},{"taxonomy":"author","embeddable":true,"href":"https:\/\/avalems.ch\/de\/wp-json\/wp\/v2\/coauthors?post=5561"}],"curies":[{"name":"wp","href":"https:\/\/api.w.org\/{rel}","templated":true}]}}