{"id":5130,"date":"2020-03-10T16:01:00","date_gmt":"2020-03-10T16:01:00","guid":{"rendered":"https:\/\/testavalems.opointzero.ch\/nouvelliste-loi-sur-la-sante\/"},"modified":"2021-09-02T16:09:30","modified_gmt":"2021-09-02T16:09:30","slug":"nouvelliste-loi-sur-la-sante","status":"publish","type":"post","link":"https:\/\/avalems.ch\/de\/nouvelliste-loi-sur-la-sante\/","title":{"rendered":"Nouvelliste : Loi sur la sant\u00e9"},"content":{"rendered":"\n<p>Le suicide assist\u00e9 en EMS attendra.<\/p>\n\n\n\n<div style=\"height:40px\" aria-hidden=\"true\" class=\"wp-block-spacer\"><\/div>\n\n\n\n<p>L\u2019article sur le suicide assist\u00e9 en institutions pourrait \u00eatre purement biff\u00e9 de la future loi sur la sant\u00e9 qui sera vot\u00e9e jeudi. Tel est en tout cas la nouvelle requ\u00eate formul\u00e9e par la famille C.<\/p>\n\n\n\n<p><a target=\"_blank\" href=\"https:\/\/www.avalems.ch\/data\/documents\/Revue_presse\/20200310_NFLoiSanteSuicideAssiste.pdf\" rel=\"noreferrer noopener\">Lire l&#8217;article<\/a><\/p>\n","protected":false},"excerpt":{"rendered":"<p>Le suicide assist\u00e9 en EMS attendra.<\/p>\n","protected":false},"author":152,"featured_media":5119,"comment_status":"open","ping_status":"open","sticky":false,"template":"","format":"standard","meta":{"footnotes":""},"categories":[1],"tags":[],"coauthors":[],"class_list":["post-5130","post","type-post","status-publish","format-standard","has-post-thumbnail","hentry","category-actualites"],"publishpress_future_action":{"enabled":false,"date":"2026-05-29 02:20:34","action":"change-status","newStatus":"draft","terms":[],"taxonomy":"category","extraData":[]},"publishpress_future_workflow_manual_trigger":{"enabledWorkflows":[]},"_links":{"self":[{"href":"https:\/\/avalems.ch\/de\/wp-json\/wp\/v2\/posts\/5130","targetHints":{"allow":["GET"]}}],"collection":[{"href":"https:\/\/avalems.ch\/de\/wp-json\/wp\/v2\/posts"}],"about":[{"href":"https:\/\/avalems.ch\/de\/wp-json\/wp\/v2\/types\/post"}],"author":[{"embeddable":true,"href":"https:\/\/avalems.ch\/de\/wp-json\/wp\/v2\/users\/152"}],"replies":[{"embeddable":true,"href":"https:\/\/avalems.ch\/de\/wp-json\/wp\/v2\/comments?post=5130"}],"version-history":[{"count":2,"href":"https:\/\/avalems.ch\/de\/wp-json\/wp\/v2\/posts\/5130\/revisions"}],"predecessor-version":[{"id":5143,"href":"https:\/\/avalems.ch\/de\/wp-json\/wp\/v2\/posts\/5130\/revisions\/5143"}],"wp:featuredmedia":[{"embeddable":true,"href":"https:\/\/avalems.ch\/de\/wp-json\/wp\/v2\/media\/5119"}],"wp:attachment":[{"href":"https:\/\/avalems.ch\/de\/wp-json\/wp\/v2\/media?parent=5130"}],"wp:term":[{"taxonomy":"category","embeddable":true,"href":"https:\/\/avalems.ch\/de\/wp-json\/wp\/v2\/categories?post=5130"},{"taxonomy":"post_tag","embeddable":true,"href":"https:\/\/avalems.ch\/de\/wp-json\/wp\/v2\/tags?post=5130"},{"taxonomy":"author","embeddable":true,"href":"https:\/\/avalems.ch\/de\/wp-json\/wp\/v2\/coauthors?post=5130"}],"curies":[{"name":"wp","href":"https:\/\/api.w.org\/{rel}","templated":true}]}}