{"id":39047,"date":"2026-03-10T15:18:42","date_gmt":"2026-03-10T14:18:42","guid":{"rendered":"https:\/\/avalems.ch\/?p=39047"},"modified":"2026-03-18T14:49:56","modified_gmt":"2026-03-18T13:49:56","slug":"regierungsprogramm-2025-2029","status":"publish","type":"post","link":"https:\/\/avalems.ch\/de\/regierungsprogramm-2025-2029\/","title":{"rendered":"Legislaturprogramm 2025\u20132029"},"content":{"rendered":"\n<p><strong><strong>Der Walliser Staatsrat hat sein Legislaturprogramm ver\u00f6ffentlicht. Die AVALEMS hat es sich angesehen und fasst die f\u00fcr den Verband und seine Mitglieder interessanten Punkte zusammen.<\/strong><\/strong><\/p>\n\n\n\n<h4 class=\"wp-block-heading\"><strong>Demografischer Wandel<\/strong><\/h4>\n\n\n\n<p>Angesichts der Bev\u00f6lkerungsalterung bekr\u00e4ftigt das Regierungsprogramm die Notwendigkeit, ein ausreichendes Langzeitpflegeangebot sicherzustellen. Dieses Angebot beruht auf der Erg\u00e4nzungsf\u00e4higkeit der Leistungen, insbesondere durch die Entwicklung von intermedi\u00e4ren Strukturen.. Die Totalrevision des Gesetzes \u00fcber die Langzeitpflege, die Ausarbeitung eines neuen Gesetzes f\u00fcr Menschen ab 60 Jahren sowie die neue Planung 2026\u20132035 sollen daf\u00fcr den Rahmen schaffen. <em>(S. 20\u201321)<\/em><\/p>\n\n\n\n<h4 class=\"wp-block-heading\"><strong>Nachwuchs beim Pflegepersonal<\/strong><\/h4>\n\n\n\n<p>Das Programm h\u00e4lt ausdr\u00fccklich fest, dass der Kanton f\u00fcr Nachwuchs beim Pflegepersonal sorgt. F\u00fcr die APH ist dieses Thema zentral: Attraktivit\u00e4t der Berufe, Ausbildung, Bindung von Mitarbeitenden und Kompetenzentwicklung bleiben zentrale Herausforderungen der laufenden Legislatur. <em>(S. 20\u201321)<\/em><\/p>\n\n\n\n<h4 class=\"wp-block-heading\"><strong>Integrierte Pflege und Koordination<\/strong><\/h4>\n\n\n\n<p>Der Staatsrat setzt auf den Ausbau der integrierten Pflege mit Fokus auf Behandlungsweg, Koordination, Pr\u00e4vention und Interprofessionalit\u00e4t. Diese Ausrichtung best\u00e4tigt, dass APH nicht isoliert betrachtet werden d\u00fcrfen, sondern als vollwertige Akteure des Langzeitpflegesystems. <em>(S. 9\u201310 und 21)<\/em><\/p>\n\n\n\n<h4 class=\"wp-block-heading\"><strong>Pflegende Angeh\u00f6rige<\/strong><\/h4>\n\n\n\n<p>Die St\u00e4rkung der Unterst\u00fctzung von pflegenden Angeh\u00f6rigen durch ortsnahe und bezahlbare Entlastungsangebote geh\u00f6rt zu den priorit\u00e4ren Massnahmen. Das unterstreicht die Bedeutung einer besseren Abstimmung zwischen Pflege und Hilfe zu Hause, Zwischenstrukturen und APH. <em>(S. 20\u201321)<\/em><\/p>\n\n\n\n<h4 class=\"wp-block-heading\"><strong>Governance und Daten<\/strong><\/h4>\n\n\n\n<p>Das Programm geht zudem auf die Digitalisierung, die Governance und bedarfsgerechte Statistiken ein. F\u00fcr die APH stehen damit direkt die Themen Verwaltungsaufwand, Relevanz der erhobenen Daten und Steuerung des Systems im Zusammenhang. <em>(S. 18\u201319)<\/em><\/p>\n\n\n\n<h4 class=\"wp-block-heading\"><strong>Finanzierung<\/strong><\/h4>\n\n\n\n<p>Das Programm h\u00e4lt fest, dass die Bev\u00f6lkerungsalterung Auswirkungen auf die Gesundheitskosten haben wird, insbesondere f\u00fcr die Langzeitpflege. Die kommenden finanzpolitischen Diskussionen im Gesundheitsbereich werden daher auch die APH unmittelbar betreffen. <em>(S. 28\u201329)<\/em><\/p>\n\n\n\n<p class=\"link-block link\"><a href=\"https:\/\/www.vs.ch\/documents\/42826486\/0\/Programme%20gouvernemental%202025%20DE.pdf\/d502222f-4bbc-b320-6621-a62e2e73fec4\" target=\"_blank\" rel=\"noopener\">Regierungsprogramm 2024-2029<\/a><\/p>\n","protected":false},"excerpt":{"rendered":"<p>Der Walliser Staatsrat hat sein Legislaturprogramm ver\u00f6ffentlicht. Die AVALEMS hat es sich angesehen und fasst die f\u00fcr den Verband und seine Mitglieder interessanten Punkte zusammen. Demografischer Wandel Angesichts der Bev\u00f6lkerungsalterung [&hellip;]<\/p>\n","protected":false},"author":152,"featured_media":39038,"comment_status":"closed","ping_status":"closed","sticky":false,"template":"","format":"standard","meta":{"footnotes":""},"categories":[3],"tags":[],"coauthors":[106],"class_list":["post-39047","post","type-post","status-publish","format-standard","has-post-thumbnail","hentry","category-aktuelles-avalems"],"publishpress_future_action":{"enabled":false,"date":"2026-05-26 18:17:20","action":"change-status","newStatus":"draft","terms":[],"taxonomy":"category","extraData":[]},"publishpress_future_workflow_manual_trigger":{"enabledWorkflows":[]},"_links":{"self":[{"href":"https:\/\/avalems.ch\/de\/wp-json\/wp\/v2\/posts\/39047","targetHints":{"allow":["GET"]}}],"collection":[{"href":"https:\/\/avalems.ch\/de\/wp-json\/wp\/v2\/posts"}],"about":[{"href":"https:\/\/avalems.ch\/de\/wp-json\/wp\/v2\/types\/post"}],"author":[{"embeddable":true,"href":"https:\/\/avalems.ch\/de\/wp-json\/wp\/v2\/users\/152"}],"replies":[{"embeddable":true,"href":"https:\/\/avalems.ch\/de\/wp-json\/wp\/v2\/comments?post=39047"}],"version-history":[{"count":3,"href":"https:\/\/avalems.ch\/de\/wp-json\/wp\/v2\/posts\/39047\/revisions"}],"predecessor-version":[{"id":39135,"href":"https:\/\/avalems.ch\/de\/wp-json\/wp\/v2\/posts\/39047\/revisions\/39135"}],"wp:featuredmedia":[{"embeddable":true,"href":"https:\/\/avalems.ch\/de\/wp-json\/wp\/v2\/media\/39038"}],"wp:attachment":[{"href":"https:\/\/avalems.ch\/de\/wp-json\/wp\/v2\/media?parent=39047"}],"wp:term":[{"taxonomy":"category","embeddable":true,"href":"https:\/\/avalems.ch\/de\/wp-json\/wp\/v2\/categories?post=39047"},{"taxonomy":"post_tag","embeddable":true,"href":"https:\/\/avalems.ch\/de\/wp-json\/wp\/v2\/tags?post=39047"},{"taxonomy":"author","embeddable":true,"href":"https:\/\/avalems.ch\/de\/wp-json\/wp\/v2\/coauthors?post=39047"}],"curies":[{"name":"wp","href":"https:\/\/api.w.org\/{rel}","templated":true}]}}