{"id":38228,"date":"2026-02-04T09:37:40","date_gmt":"2026-02-04T08:37:40","guid":{"rendered":"https:\/\/avalems.ch\/?p=38228"},"modified":"2026-03-06T11:13:19","modified_gmt":"2026-03-06T10:13:19","slug":"sexualitaet-und-sexuelle-gesundheit-im-alter-basismodul","status":"publish","type":"post","link":"https:\/\/avalems.ch\/de\/sexualitaet-und-sexuelle-gesundheit-im-alter-basismodul\/","title":{"rendered":"Sexualit\u00e4t und sexuelle Gesundheit im Alter -Basismodul"},"content":{"rendered":"\n<div class=\"wp-block-columns is-layout-flex wp-container-core-columns-is-layout-9d6595d7 wp-block-columns-is-layout-flex\">\n<div class=\"wp-block-column is-layout-flow wp-block-column-is-layout-flow\">\n<div class=\"wp-block-button\"><a class=\"wp-block-button__link wp-element-button\" href=\"#\" target=\"_blank\" rel=\"noopener noreferrer\">90 min<\/a><\/div>\n<\/div>\n\n\n\n<div class=\"wp-block-column is-layout-flow wp-block-column-is-layout-flow\">\n<div class=\"wp-block-button\"><a class=\"wp-block-button__link wp-element-button\" href=\"#\" target=\"_blank\" rel=\"noopener noreferrer\">300.- pro Durchf\u00fchrung<\/a><\/div>\n<\/div>\n<\/div>\n\n\n\n<p><strong>Inhalt<\/strong><\/p>\n\n\n\n<p>Im Basismodul gehen wir auf die Bed\u00fcrfnisse und Herausforderungen zum Thema Sexualit\u00e4t und sexuelle Gesundheit im Alltag von Alters- und Pfleginstitutionen ein. Sie erhalten Einblick in die verschiedenen Begrifflichkeiten und Statistiken \u00fcber den Menschen im Wandel. Sie lernen die sexuellen Rechte aus der Perspektive der Bewohnenden und der Fachpersonen kennen und lernen, wie Sie diese im Alltag f\u00f6rdern und sch\u00fctzen k\u00f6nnen.<\/p>\n\n\n\n<h3 class=\"wp-block-heading\">Zweck \/ Ziele<\/h3>\n\n\n\n<p>Wissen, Sicherheit und klare Umgangsformen zum Thema Sexualit\u00e4t und sexuelle Gesundheit in den Alters- und Pflegeinstitution erh\u00f6hen die Motivation und Zufriedenheit aller.<\/p>\n\n\n\n<h3 class=\"wp-block-heading\">Lernmittel<\/h3>\n\n\n\n<p>Pr\u00e4sentationen<\/p>\n\n\n\n<p>Videos <\/p>\n\n\n\n<p>Gemeinsame Diskussionen und Erarbeitung von Haltungen<\/p>\n\n\n\n<h3 class=\"wp-block-heading\">Sonstige Informationen<\/h3>\n\n\n\n<p>Anzahl der Teilnehmer: maximal 20 Personen Teilnehmer<\/p>\n\n\n\n<p>M\u00f6glichkeit der Weiterf\u00fchrung und Vertiefung der Themen mit den Workshops<\/p>\n\n\n\n<p>1 \u00abN\u00e4he und Distanz\u00bb<\/p>\n\n\n\n<p>2 \u00abBed\u00fcrfnisse und Massnahmen\u00bb 3 \u00abBed\u00fcrfnisse von vulnerablen Personen (Migrant*innen, Queers, Menschen mit HIV)<\/p>\n\n\n\n<p>Referentin : Josiane Mathieu, Fachperson sexuelle Gesundheit in Beratung und Bildung, SIPE<\/p>\n\n\n\n<div class=\"wp-block-button\"><a class=\"wp-block-button__link wp-element-button\" href=\"mailto:info@avalems.ch\" target=\"_blank\" rel=\"noopener noreferrer noreferrer noopener\">Kontaktdaten anfordern<\/a><\/div>\n\n\n\n<p><\/p>\n","protected":false},"excerpt":{"rendered":"<p>Inhalt Im Basismodul gehen wir auf die Bed\u00fcrfnisse und Herausforderungen zum Thema Sexualit\u00e4t und sexuelle Gesundheit im Alltag von Alters- und Pfleginstitutionen ein. Sie erhalten Einblick in die verschiedenen Begrifflichkeiten [&hellip;]<\/p>\n","protected":false},"author":349,"featured_media":15514,"comment_status":"closed","ping_status":"closed","sticky":false,"template":"","format":"standard","meta":{"footnotes":""},"categories":[434,443],"tags":[453],"coauthors":[411],"class_list":["post-38228","post","type-post","status-publish","format-standard","has-post-thumbnail","hentry","category-weiterbildung","category-intra-muros-weiterbildung","tag-tout-collaborateur-de"],"publishpress_future_action":{"enabled":false,"date":"2026-05-26 20:48:58","action":"change-status","newStatus":"draft","terms":[],"taxonomy":"category","extraData":[]},"publishpress_future_workflow_manual_trigger":{"enabledWorkflows":[]},"_links":{"self":[{"href":"https:\/\/avalems.ch\/de\/wp-json\/wp\/v2\/posts\/38228","targetHints":{"allow":["GET"]}}],"collection":[{"href":"https:\/\/avalems.ch\/de\/wp-json\/wp\/v2\/posts"}],"about":[{"href":"https:\/\/avalems.ch\/de\/wp-json\/wp\/v2\/types\/post"}],"author":[{"embeddable":true,"href":"https:\/\/avalems.ch\/de\/wp-json\/wp\/v2\/users\/349"}],"replies":[{"embeddable":true,"href":"https:\/\/avalems.ch\/de\/wp-json\/wp\/v2\/comments?post=38228"}],"version-history":[{"count":3,"href":"https:\/\/avalems.ch\/de\/wp-json\/wp\/v2\/posts\/38228\/revisions"}],"predecessor-version":[{"id":38969,"href":"https:\/\/avalems.ch\/de\/wp-json\/wp\/v2\/posts\/38228\/revisions\/38969"}],"wp:featuredmedia":[{"embeddable":true,"href":"https:\/\/avalems.ch\/de\/wp-json\/wp\/v2\/media\/15514"}],"wp:attachment":[{"href":"https:\/\/avalems.ch\/de\/wp-json\/wp\/v2\/media?parent=38228"}],"wp:term":[{"taxonomy":"category","embeddable":true,"href":"https:\/\/avalems.ch\/de\/wp-json\/wp\/v2\/categories?post=38228"},{"taxonomy":"post_tag","embeddable":true,"href":"https:\/\/avalems.ch\/de\/wp-json\/wp\/v2\/tags?post=38228"},{"taxonomy":"author","embeddable":true,"href":"https:\/\/avalems.ch\/de\/wp-json\/wp\/v2\/coauthors?post=38228"}],"curies":[{"name":"wp","href":"https:\/\/api.w.org\/{rel}","templated":true}]}}