{"id":37162,"date":"2025-12-04T10:15:14","date_gmt":"2025-12-04T09:15:14","guid":{"rendered":"https:\/\/avalems.ch\/?p=37162"},"modified":"2025-12-04T10:15:16","modified_gmt":"2025-12-04T09:15:16","slug":"strategie-nachhaltigkeit-in-subventionierten-institutionen","status":"publish","type":"post","link":"https:\/\/avalems.ch\/de\/strategie-nachhaltigkeit-in-subventionierten-institutionen\/","title":{"rendered":"Strategie \u201eNachhaltigkeit in subventionierten Institutionen\u201c"},"content":{"rendered":"\n<p>Am Dienstag stellte der Kanton Wallis in Siders die Strategie 26-29 zur Unterst\u00fctzung von Projekten zur nachhaltigen Entwicklung in subventionierten Institutionen vor. AVALEMS begr\u00fcsst diese neue Fassung, in der die in der <a href=\"https:\/\/avalems.ch\/de\/strategie-nachhaltigkeit-subventionierter-einrichtungen\/\">Stellungnahme<\/a> formulierten Anmerkungen  ber\u00fccksichtigt wurden. APH, die dies w\u00fcnschen, k\u00f6nnen f\u00fcr ihre Projekte die Unterst\u00fctzung eines Koordinators in Anspruch nehmen und haben Zugang zum kantonalen Budget (250&#8217;000 CHF pro Jahr).<\/p>\n\n\n\n<p><strong><a href=\"https:\/\/www.vs.ch\/de\/web\/communication\/w\/durabilit%C3%A9-dans-les-institutions-subventionn%C3%A9es-une-strat%C3%A9gie-commune-pour-un-avenir-r%C3%A9silient\" target=\"_blank\" rel=\"noopener\">Strategie lesen (endg\u00fcltige Fassung)<\/a><\/strong><\/p>\n","protected":false},"excerpt":{"rendered":"<p>Am Dienstag stellte der Kanton Wallis in Siders die Strategie 26-29 zur Unterst\u00fctzung von Projekten zur nachhaltigen Entwicklung in subventionierten Institutionen vor. AVALEMS begr\u00fcsst diese neue Fassung, in der die [&hellip;]<\/p>\n","protected":false},"author":152,"featured_media":37202,"comment_status":"closed","ping_status":"closed","sticky":false,"template":"","format":"standard","meta":{"footnotes":""},"categories":[3,67],"tags":[],"coauthors":[106],"class_list":["post-37162","post","type-post","status-publish","format-standard","has-post-thumbnail","hentry","category-aktuelles-avalems","category-information-an-die-mitglieder"],"publishpress_future_action":{"enabled":false,"date":"2026-05-30 22:02:02","action":"change-status","newStatus":"draft","terms":[],"taxonomy":"category","extraData":[]},"publishpress_future_workflow_manual_trigger":{"enabledWorkflows":[]},"_links":{"self":[{"href":"https:\/\/avalems.ch\/de\/wp-json\/wp\/v2\/posts\/37162","targetHints":{"allow":["GET"]}}],"collection":[{"href":"https:\/\/avalems.ch\/de\/wp-json\/wp\/v2\/posts"}],"about":[{"href":"https:\/\/avalems.ch\/de\/wp-json\/wp\/v2\/types\/post"}],"author":[{"embeddable":true,"href":"https:\/\/avalems.ch\/de\/wp-json\/wp\/v2\/users\/152"}],"replies":[{"embeddable":true,"href":"https:\/\/avalems.ch\/de\/wp-json\/wp\/v2\/comments?post=37162"}],"version-history":[{"count":5,"href":"https:\/\/avalems.ch\/de\/wp-json\/wp\/v2\/posts\/37162\/revisions"}],"predecessor-version":[{"id":37217,"href":"https:\/\/avalems.ch\/de\/wp-json\/wp\/v2\/posts\/37162\/revisions\/37217"}],"wp:featuredmedia":[{"embeddable":true,"href":"https:\/\/avalems.ch\/de\/wp-json\/wp\/v2\/media\/37202"}],"wp:attachment":[{"href":"https:\/\/avalems.ch\/de\/wp-json\/wp\/v2\/media?parent=37162"}],"wp:term":[{"taxonomy":"category","embeddable":true,"href":"https:\/\/avalems.ch\/de\/wp-json\/wp\/v2\/categories?post=37162"},{"taxonomy":"post_tag","embeddable":true,"href":"https:\/\/avalems.ch\/de\/wp-json\/wp\/v2\/tags?post=37162"},{"taxonomy":"author","embeddable":true,"href":"https:\/\/avalems.ch\/de\/wp-json\/wp\/v2\/coauthors?post=37162"}],"curies":[{"name":"wp","href":"https:\/\/api.w.org\/{rel}","templated":true}]}}