{"id":36843,"date":"2025-11-20T10:20:18","date_gmt":"2025-11-20T09:20:18","guid":{"rendered":"https:\/\/avalems.ch\/?p=36843"},"modified":"2025-11-20T10:20:21","modified_gmt":"2025-11-20T09:20:21","slug":"vertrauenszahnarzt-in-aph","status":"publish","type":"post","link":"https:\/\/avalems.ch\/de\/vertrauenszahnarzt-in-aph\/","title":{"rendered":"Vertrauenszahnarzt in APH"},"content":{"rendered":"\n<p>Ab 2026 wird jedes APH einem Vertrauenszahnarzt zugeordnet sein. Der kantonale Dachverband (<a href=\"https:\/\/www.ssovs.ch\/de\/\" target=\"_blank\" rel=\"noopener\">SSO VS<\/a>) wird f\u00fcr die Zuteilung der Mitglieder und deren Verg\u00fctung zust\u00e4ndig sein. Die APH m\u00fcssen also keine besonderen Schritte unternehmen. Der Vertrauenszahnarzt ist daf\u00fcr verantwortlich, dass jeder Bewohner innerhalb von sechs Monaten nach seinem Einzug eine erste zahn\u00e4rztliche Untersuchung im APH erh\u00e4lt. Das Pflichtenheft wird in K\u00fcrze ver\u00f6ffentlicht.<\/p>\n\n\n\n<p><strong>Informationen:<\/strong> Marie-Jeanne Muller (<a href=\"mailto:marie-jeanne-muller@avalems.ch\">marie-jeanne-muller@avalems.ch<\/a>&nbsp;; 027\/&nbsp;327 73 03)<\/p>\n","protected":false},"excerpt":{"rendered":"<p>Ab 2026 wird jedes APH einem Vertrauenszahnarzt zugeordnet sein. Der kantonale Dachverband (SSO VS) wird f\u00fcr die Zuteilung der Mitglieder und deren Verg\u00fctung zust\u00e4ndig sein. Die APH m\u00fcssen also keine [&hellip;]<\/p>\n","protected":false},"author":328,"featured_media":18231,"comment_status":"closed","ping_status":"closed","sticky":false,"template":"","format":"standard","meta":{"footnotes":""},"categories":[3,67],"tags":[],"coauthors":[390],"class_list":["post-36843","post","type-post","status-publish","format-standard","has-post-thumbnail","hentry","category-aktuelles-avalems","category-information-an-die-mitglieder"],"publishpress_future_action":{"enabled":false,"date":"2026-06-01 22:55:51","action":"change-status","newStatus":"draft","terms":[],"taxonomy":"category","extraData":[]},"publishpress_future_workflow_manual_trigger":{"enabledWorkflows":[]},"_links":{"self":[{"href":"https:\/\/avalems.ch\/de\/wp-json\/wp\/v2\/posts\/36843","targetHints":{"allow":["GET"]}}],"collection":[{"href":"https:\/\/avalems.ch\/de\/wp-json\/wp\/v2\/posts"}],"about":[{"href":"https:\/\/avalems.ch\/de\/wp-json\/wp\/v2\/types\/post"}],"author":[{"embeddable":true,"href":"https:\/\/avalems.ch\/de\/wp-json\/wp\/v2\/users\/328"}],"replies":[{"embeddable":true,"href":"https:\/\/avalems.ch\/de\/wp-json\/wp\/v2\/comments?post=36843"}],"version-history":[{"count":3,"href":"https:\/\/avalems.ch\/de\/wp-json\/wp\/v2\/posts\/36843\/revisions"}],"predecessor-version":[{"id":36968,"href":"https:\/\/avalems.ch\/de\/wp-json\/wp\/v2\/posts\/36843\/revisions\/36968"}],"wp:featuredmedia":[{"embeddable":true,"href":"https:\/\/avalems.ch\/de\/wp-json\/wp\/v2\/media\/18231"}],"wp:attachment":[{"href":"https:\/\/avalems.ch\/de\/wp-json\/wp\/v2\/media?parent=36843"}],"wp:term":[{"taxonomy":"category","embeddable":true,"href":"https:\/\/avalems.ch\/de\/wp-json\/wp\/v2\/categories?post=36843"},{"taxonomy":"post_tag","embeddable":true,"href":"https:\/\/avalems.ch\/de\/wp-json\/wp\/v2\/tags?post=36843"},{"taxonomy":"author","embeddable":true,"href":"https:\/\/avalems.ch\/de\/wp-json\/wp\/v2\/coauthors?post=36843"}],"curies":[{"name":"wp","href":"https:\/\/api.w.org\/{rel}","templated":true}]}}