{"id":36784,"date":"2025-11-13T10:58:46","date_gmt":"2025-11-13T09:58:46","guid":{"rendered":"https:\/\/avalems.ch\/?p=36784"},"modified":"2025-12-22T15:13:08","modified_gmt":"2025-12-22T14:13:08","slug":"cas-teammanagement-und-projektleitung","status":"publish","type":"post","link":"https:\/\/avalems.ch\/de\/cas-teammanagement-und-projektleitung\/","title":{"rendered":"CAS Teammanagement und Projektleitung"},"content":{"rendered":"\n<p>Sie entwickeln fundierte Probleml\u00f6sungsstrategien im Team- und Projektmanagement und erwerben die F\u00e4higkeit, Projekte von der Konzeption bis zur Umsetzung professionell zu entwickeln und zu leiten. Durch die St\u00e4rkung Ihrer Kommunikationsf\u00e4higkeit im Team werden Sie bef\u00e4higt, interdisziplin\u00e4r zusammenzuarbeiten und gemeinsame Ziele effektiv zu erreichen. Der Wissenserwerb f\u00fcr den Praxisalltag sowie der gezielte Wissenstransfer in Ihre berufliche T\u00e4tigkeit erweitern Ihre Handlungskompetenz nachhaltig und erm\u00f6glichen Ihnen, neue Erkenntnisse direkt in Ihrer t\u00e4glichen Arbeit anzuwenden.<\/p>\n\n\n\n<div class=\"wp-block-buttons is-content-justification-center is-layout-flex wp-container-core-buttons-is-layout-16018d1d wp-block-buttons-is-layout-flex\">\n<div class=\"wp-block-button\"><a class=\"wp-block-button__link wp-element-button\" href=\"https:\/\/www.berufsberatung.ch\/dyn\/show\/2886?id=60910\" target=\"_blank\" rel=\"noopener\">Termine, Preise und weitere Informationen<\/a><\/div>\n<\/div>\n\n\n\n<p><\/p>\n","protected":false},"excerpt":{"rendered":"<p>Sie entwickeln fundierte Probleml\u00f6sungsstrategien im Team- und Projektmanagement und erwerben die F\u00e4higkeit, Projekte von der Konzeption bis zur Umsetzung professionell zu entwickeln und zu leiten. Durch die St\u00e4rkung Ihrer Kommunikationsf\u00e4higkeit [&hellip;]<\/p>\n","protected":false},"author":152,"featured_media":15514,"comment_status":"closed","ping_status":"closed","sticky":false,"template":"","format":"standard","meta":{"footnotes":""},"categories":[434,444],"tags":[464,454,609],"coauthors":[106],"class_list":["post-36784","post","type-post","status-publish","format-standard","has-post-thumbnail","hentry","category-weiterbildung","category-weiterbildung-von-partnern","tag-cadres-de","tag-clinique-de","tag-kpz-fabe"],"publishpress_future_action":{"enabled":false,"date":"2026-05-26 20:49:32","action":"change-status","newStatus":"draft","terms":[],"taxonomy":"category","extraData":[]},"publishpress_future_workflow_manual_trigger":{"enabledWorkflows":[]},"_links":{"self":[{"href":"https:\/\/avalems.ch\/de\/wp-json\/wp\/v2\/posts\/36784","targetHints":{"allow":["GET"]}}],"collection":[{"href":"https:\/\/avalems.ch\/de\/wp-json\/wp\/v2\/posts"}],"about":[{"href":"https:\/\/avalems.ch\/de\/wp-json\/wp\/v2\/types\/post"}],"author":[{"embeddable":true,"href":"https:\/\/avalems.ch\/de\/wp-json\/wp\/v2\/users\/152"}],"replies":[{"embeddable":true,"href":"https:\/\/avalems.ch\/de\/wp-json\/wp\/v2\/comments?post=36784"}],"version-history":[{"count":1,"href":"https:\/\/avalems.ch\/de\/wp-json\/wp\/v2\/posts\/36784\/revisions"}],"predecessor-version":[{"id":36786,"href":"https:\/\/avalems.ch\/de\/wp-json\/wp\/v2\/posts\/36784\/revisions\/36786"}],"wp:featuredmedia":[{"embeddable":true,"href":"https:\/\/avalems.ch\/de\/wp-json\/wp\/v2\/media\/15514"}],"wp:attachment":[{"href":"https:\/\/avalems.ch\/de\/wp-json\/wp\/v2\/media?parent=36784"}],"wp:term":[{"taxonomy":"category","embeddable":true,"href":"https:\/\/avalems.ch\/de\/wp-json\/wp\/v2\/categories?post=36784"},{"taxonomy":"post_tag","embeddable":true,"href":"https:\/\/avalems.ch\/de\/wp-json\/wp\/v2\/tags?post=36784"},{"taxonomy":"author","embeddable":true,"href":"https:\/\/avalems.ch\/de\/wp-json\/wp\/v2\/coauthors?post=36784"}],"curies":[{"name":"wp","href":"https:\/\/api.w.org\/{rel}","templated":true}]}}