{"id":36144,"date":"2025-09-23T15:16:16","date_gmt":"2025-09-23T13:16:16","guid":{"rendered":"https:\/\/avalems.ch\/besoins-de-soins-dici-2040\/"},"modified":"2025-09-24T17:37:13","modified_gmt":"2025-09-24T15:37:13","slug":"besoins-de-soins-dici-2040","status":"publish","type":"post","link":"https:\/\/avalems.ch\/de\/besoins-de-soins-dici-2040\/","title":{"rendered":"Pflegebedarf bis 2040"},"content":{"rendered":"\n<p>Das Schweizerische Gesundheitsobservatorium (Obsan) hat k\u00fcrzlich eine Aktualisierung der nationalen Prognosen zum Bedarf an Langzeitpflege ver\u00f6ffentlicht. Dem Bericht zufolge wird die Nachfrage bis 2040 um rund 43 % steigen, wobei ein starker Anstieg der Pflegeheimpl\u00e4tze und der Stunden f\u00fcr die h\u00e4usliche Pflege zu verzeichnen sein wird.<\/p>\n\n\n\n<p>F\u00fcr das Wallis zeigt der Bericht eine entscheidende Phase auf: Der Kanton hat bereits die Spitex-Pflege ausgebaut, muss aber noch die Mittel f\u00fcr Investitionen in intermedi\u00e4re Strukturen festlegen und die Rolle der Pflegeheime st\u00e4rken. Die n\u00e4chste kantonale Planung f\u00fcr die Langzeitpflege 2026\u20132028, die in die Vernehmlassung gegeben wird, d\u00fcrfte neue Leistungen umfassen, insbesondere die Schaffung von Pl\u00e4tzen in betreuten Wohnungen sowie Tagesst\u00e4tten und Kurzaufenthalten.<\/p>\n\n\n\n<p><a href=\"https:\/\/www.obsan.admin.ch\/de\/publikationen\/2025-bedarf-alters-und-langzeitpflege-der-schweiz\" target=\"_blank\" rel=\"noreferrer noopener\"><strong>Bericht des OBSAN<\/strong><\/a><\/p>\n","protected":false},"excerpt":{"rendered":"<p>Das Schweizerische Gesundheitsobservatorium (Obsan) hat k\u00fcrzlich eine Aktualisierung der nationalen Prognosen zum Bedarf an Langzeitpflege ver\u00f6ffentlicht. Dem Bericht zufolge wird die Nachfrage bis 2040 um rund 43 % steigen, wobei [&hellip;]<\/p>\n","protected":false},"author":152,"featured_media":36160,"comment_status":"closed","ping_status":"closed","sticky":false,"template":"","format":"standard","meta":{"footnotes":""},"categories":[3,67],"tags":[],"coauthors":[106],"class_list":["post-36144","post","type-post","status-publish","format-standard","has-post-thumbnail","hentry","category-aktuelles-avalems","category-information-an-die-mitglieder"],"publishpress_future_action":{"enabled":false,"date":"2026-06-01 23:39:57","action":"change-status","newStatus":"draft","terms":[],"taxonomy":"category","extraData":[]},"publishpress_future_workflow_manual_trigger":{"enabledWorkflows":[]},"_links":{"self":[{"href":"https:\/\/avalems.ch\/de\/wp-json\/wp\/v2\/posts\/36144","targetHints":{"allow":["GET"]}}],"collection":[{"href":"https:\/\/avalems.ch\/de\/wp-json\/wp\/v2\/posts"}],"about":[{"href":"https:\/\/avalems.ch\/de\/wp-json\/wp\/v2\/types\/post"}],"author":[{"embeddable":true,"href":"https:\/\/avalems.ch\/de\/wp-json\/wp\/v2\/users\/152"}],"replies":[{"embeddable":true,"href":"https:\/\/avalems.ch\/de\/wp-json\/wp\/v2\/comments?post=36144"}],"version-history":[{"count":4,"href":"https:\/\/avalems.ch\/de\/wp-json\/wp\/v2\/posts\/36144\/revisions"}],"predecessor-version":[{"id":36170,"href":"https:\/\/avalems.ch\/de\/wp-json\/wp\/v2\/posts\/36144\/revisions\/36170"}],"wp:featuredmedia":[{"embeddable":true,"href":"https:\/\/avalems.ch\/de\/wp-json\/wp\/v2\/media\/36160"}],"wp:attachment":[{"href":"https:\/\/avalems.ch\/de\/wp-json\/wp\/v2\/media?parent=36144"}],"wp:term":[{"taxonomy":"category","embeddable":true,"href":"https:\/\/avalems.ch\/de\/wp-json\/wp\/v2\/categories?post=36144"},{"taxonomy":"post_tag","embeddable":true,"href":"https:\/\/avalems.ch\/de\/wp-json\/wp\/v2\/tags?post=36144"},{"taxonomy":"author","embeddable":true,"href":"https:\/\/avalems.ch\/de\/wp-json\/wp\/v2\/coauthors?post=36144"}],"curies":[{"name":"wp","href":"https:\/\/api.w.org\/{rel}","templated":true}]}}