{"id":35112,"date":"2025-08-14T08:22:09","date_gmt":"2025-08-14T06:22:09","guid":{"rendered":"https:\/\/avalems.ch\/?p=35112"},"modified":"2025-08-14T08:35:16","modified_gmt":"2025-08-14T06:35:16","slug":"interprofessionnelles-treffen-avip-avalems","status":"publish","type":"post","link":"https:\/\/avalems.ch\/de\/interprofessionnelles-treffen-avip-avalems\/","title":{"rendered":"Interprofessionnelles Treffen AVIP\/AVALEMS"},"content":{"rendered":"\n<p class=\"has-text-align-center\"><strong>Dienstag, 4. November \u2013 SUVA-Klinik (Sitten)<\/strong><\/p>\n\n\n\n<p>Zum vierten Mal in Folge organisiert AVALEMS Branchentreffen, und zum zweiten Mal findet diese Initiative gemeinsam mit dem Verband AVIP statt. Wie \u00fcblich dienen diese Treffen dem Austausch \u00fcber bew\u00e4hrte Praktiken, der Ermittlung gemeinsamer Herausforderungen und in diesem Jahr insbesondere der Untersuchung von Synergien zwischen Einrichtungen im Bereich Behinderung und Pflegeheimen.<\/p>\n\n\n\n<p><strong>Workshops f\u00fcr F\u00fchrungskr\u00e4fte:<\/strong> Personalwesen; Hotellerie und Hauswirtschaft; K\u00fcchenchefs; Soziokulturelle Animation; Technischer Bereich.<\/p>\n\n\n\n<p class=\"has-text-align-right\"><strong><a href=\"https:\/\/avalems.ch\/de\/tagung2025\/\" target=\"_blank\" rel=\"noreferrer noopener\">Programm und Anmeldung<\/a><\/strong><\/p>\n","protected":false},"excerpt":{"rendered":"<p>Dienstag, 4. November \u2013 SUVA-Klinik (Sitten) Zum vierten Mal in Folge organisiert AVALEMS Branchentreffen, und zum zweiten Mal findet diese Initiative gemeinsam mit dem Verband AVIP statt. Wie \u00fcblich dienen [&hellip;]<\/p>\n","protected":false},"author":152,"featured_media":14367,"comment_status":"closed","ping_status":"closed","sticky":false,"template":"","format":"standard","meta":{"footnotes":""},"categories":[3,67],"tags":[],"coauthors":[106],"class_list":["post-35112","post","type-post","status-publish","format-standard","has-post-thumbnail","hentry","category-aktuelles-avalems","category-information-an-die-mitglieder"],"publishpress_future_action":{"enabled":false,"date":"2026-06-02 00:26:23","action":"change-status","newStatus":"draft","terms":[],"taxonomy":"category","extraData":[]},"publishpress_future_workflow_manual_trigger":{"enabledWorkflows":[]},"_links":{"self":[{"href":"https:\/\/avalems.ch\/de\/wp-json\/wp\/v2\/posts\/35112","targetHints":{"allow":["GET"]}}],"collection":[{"href":"https:\/\/avalems.ch\/de\/wp-json\/wp\/v2\/posts"}],"about":[{"href":"https:\/\/avalems.ch\/de\/wp-json\/wp\/v2\/types\/post"}],"author":[{"embeddable":true,"href":"https:\/\/avalems.ch\/de\/wp-json\/wp\/v2\/users\/152"}],"replies":[{"embeddable":true,"href":"https:\/\/avalems.ch\/de\/wp-json\/wp\/v2\/comments?post=35112"}],"version-history":[{"count":5,"href":"https:\/\/avalems.ch\/de\/wp-json\/wp\/v2\/posts\/35112\/revisions"}],"predecessor-version":[{"id":35213,"href":"https:\/\/avalems.ch\/de\/wp-json\/wp\/v2\/posts\/35112\/revisions\/35213"}],"wp:featuredmedia":[{"embeddable":true,"href":"https:\/\/avalems.ch\/de\/wp-json\/wp\/v2\/media\/14367"}],"wp:attachment":[{"href":"https:\/\/avalems.ch\/de\/wp-json\/wp\/v2\/media?parent=35112"}],"wp:term":[{"taxonomy":"category","embeddable":true,"href":"https:\/\/avalems.ch\/de\/wp-json\/wp\/v2\/categories?post=35112"},{"taxonomy":"post_tag","embeddable":true,"href":"https:\/\/avalems.ch\/de\/wp-json\/wp\/v2\/tags?post=35112"},{"taxonomy":"author","embeddable":true,"href":"https:\/\/avalems.ch\/de\/wp-json\/wp\/v2\/coauthors?post=35112"}],"curies":[{"name":"wp","href":"https:\/\/api.w.org\/{rel}","templated":true}]}}