{"id":31069,"date":"2025-04-04T14:23:55","date_gmt":"2025-04-04T12:23:55","guid":{"rendered":"https:\/\/avalems.ch\/?p=31069"},"modified":"2025-04-07T11:16:47","modified_gmt":"2025-04-07T09:16:47","slug":"weiterbildung-soziale-arbeit","status":"publish","type":"post","link":"https:\/\/avalems.ch\/de\/weiterbildung-soziale-arbeit\/","title":{"rendered":"Weiterbildung Soziale Arbeit HESO"},"content":{"rendered":"\n<p>In der Sozialen Arbeit ist die Weiterbildung ein wesentlicher Garant f\u00fcr die Qualit\u00e4t der Betreuung. Eine regelm\u00e4sige Aktualisierung des Wissens und der Praktiken ist f\u00fcr Sozialarbeitende, die komplexe Situationen in der beruflichen Praxis professionelle bearbeiten m\u00fcssen, unerl\u00e4sslich.<\/p>\n\n\n<div class=\"wp-block-button\"><a class=\"wp-block-button__link\" href=\"https:\/\/www.hevs.ch\/de\/Hochschule\/hochschule-fur-soziale-arbeit\/weiterbildung-soziale-arbeit-200236\" target=\"_blank\" rel=\"noopener noreferrer\">Dates, prix et informations compl\u00e9mentaires<\/a><\/div>","protected":false},"excerpt":{"rendered":"<p>In der Sozialen Arbeit ist die Weiterbildung ein wesentlicher Garant f\u00fcr die Qualit\u00e4t der Betreuung. Eine regelm\u00e4sige Aktualisierung des Wissens und der Praktiken ist f\u00fcr Sozialarbeitende, die komplexe Situationen in [&hellip;]<\/p>\n","protected":false},"author":349,"featured_media":15514,"comment_status":"closed","ping_status":"closed","sticky":false,"template":"","format":"standard","meta":{"footnotes":""},"categories":[434,444],"tags":[453],"coauthors":[411],"class_list":["post-31069","post","type-post","status-publish","format-standard","has-post-thumbnail","hentry","category-weiterbildung","category-weiterbildung-von-partnern","tag-tout-collaborateur-de"],"publishpress_future_action":{"enabled":false,"date":"2026-05-26 20:42:26","action":"change-status","newStatus":"draft","terms":[],"taxonomy":"category","extraData":[]},"publishpress_future_workflow_manual_trigger":{"enabledWorkflows":[]},"_links":{"self":[{"href":"https:\/\/avalems.ch\/de\/wp-json\/wp\/v2\/posts\/31069","targetHints":{"allow":["GET"]}}],"collection":[{"href":"https:\/\/avalems.ch\/de\/wp-json\/wp\/v2\/posts"}],"about":[{"href":"https:\/\/avalems.ch\/de\/wp-json\/wp\/v2\/types\/post"}],"author":[{"embeddable":true,"href":"https:\/\/avalems.ch\/de\/wp-json\/wp\/v2\/users\/349"}],"replies":[{"embeddable":true,"href":"https:\/\/avalems.ch\/de\/wp-json\/wp\/v2\/comments?post=31069"}],"version-history":[{"count":4,"href":"https:\/\/avalems.ch\/de\/wp-json\/wp\/v2\/posts\/31069\/revisions"}],"predecessor-version":[{"id":31187,"href":"https:\/\/avalems.ch\/de\/wp-json\/wp\/v2\/posts\/31069\/revisions\/31187"}],"wp:featuredmedia":[{"embeddable":true,"href":"https:\/\/avalems.ch\/de\/wp-json\/wp\/v2\/media\/15514"}],"wp:attachment":[{"href":"https:\/\/avalems.ch\/de\/wp-json\/wp\/v2\/media?parent=31069"}],"wp:term":[{"taxonomy":"category","embeddable":true,"href":"https:\/\/avalems.ch\/de\/wp-json\/wp\/v2\/categories?post=31069"},{"taxonomy":"post_tag","embeddable":true,"href":"https:\/\/avalems.ch\/de\/wp-json\/wp\/v2\/tags?post=31069"},{"taxonomy":"author","embeddable":true,"href":"https:\/\/avalems.ch\/de\/wp-json\/wp\/v2\/coauthors?post=31069"}],"curies":[{"name":"wp","href":"https:\/\/api.w.org\/{rel}","templated":true}]}}