{"id":30658,"date":"2025-02-03T17:06:21","date_gmt":"2025-02-03T16:06:21","guid":{"rendered":"https:\/\/avalems.ch\/reseau-cafe-recits\/"},"modified":"2025-04-07T11:16:49","modified_gmt":"2025-04-07T09:16:49","slug":"reseau-cafe-recits","status":"publish","type":"post","link":"https:\/\/avalems.ch\/de\/reseau-cafe-recits\/","title":{"rendered":"Netzwerk Erz\u00e4hlcaf\u00e9"},"content":{"rendered":"\n<p>\u00dcberzeugt, dass Vernetzung und Austausch die Qualit\u00e4t jedes einzelnen Erz\u00e4hlcaf\u00e9s f\u00f6rdern. Netzwerkveranstaltungen bieten Zeit und Raum f\u00fcr Begegnung.<\/p>\n\n\n<div class=\"wp-block-button\"><a class=\"wp-block-button__link\" href=\"https:\/\/netzwerk-erzaehlcafe.ch\/weiterbildungen\/\" target=\"_blank\" rel=\"noopener noreferrer\">Dates, prix et informations compl\u00e9mentaires<\/a><\/div>\n\n\n<p><\/p>\n","protected":false},"excerpt":{"rendered":"<p>\u00dcberzeugt, dass Vernetzung und Austausch die Qualit\u00e4t jedes einzelnen Erz\u00e4hlcaf\u00e9s f\u00f6rdern. Netzwerkveranstaltungen bieten Zeit und Raum f\u00fcr Begegnung.<\/p>\n","protected":false},"author":349,"featured_media":15514,"comment_status":"closed","ping_status":"closed","sticky":false,"template":"","format":"standard","meta":{"footnotes":""},"categories":[434,444],"tags":[556],"coauthors":[411],"class_list":["post-30658","post","type-post","status-publish","format-standard","has-post-thumbnail","hentry","category-weiterbildung","category-weiterbildung-von-partnern","tag-animation-de"],"publishpress_future_action":{"enabled":false,"date":"2026-05-26 20:49:22","action":"change-status","newStatus":"draft","terms":[],"taxonomy":"category","extraData":[]},"publishpress_future_workflow_manual_trigger":{"enabledWorkflows":[]},"_links":{"self":[{"href":"https:\/\/avalems.ch\/de\/wp-json\/wp\/v2\/posts\/30658","targetHints":{"allow":["GET"]}}],"collection":[{"href":"https:\/\/avalems.ch\/de\/wp-json\/wp\/v2\/posts"}],"about":[{"href":"https:\/\/avalems.ch\/de\/wp-json\/wp\/v2\/types\/post"}],"author":[{"embeddable":true,"href":"https:\/\/avalems.ch\/de\/wp-json\/wp\/v2\/users\/349"}],"replies":[{"embeddable":true,"href":"https:\/\/avalems.ch\/de\/wp-json\/wp\/v2\/comments?post=30658"}],"version-history":[{"count":2,"href":"https:\/\/avalems.ch\/de\/wp-json\/wp\/v2\/posts\/30658\/revisions"}],"predecessor-version":[{"id":31196,"href":"https:\/\/avalems.ch\/de\/wp-json\/wp\/v2\/posts\/30658\/revisions\/31196"}],"wp:featuredmedia":[{"embeddable":true,"href":"https:\/\/avalems.ch\/de\/wp-json\/wp\/v2\/media\/15514"}],"wp:attachment":[{"href":"https:\/\/avalems.ch\/de\/wp-json\/wp\/v2\/media?parent=30658"}],"wp:term":[{"taxonomy":"category","embeddable":true,"href":"https:\/\/avalems.ch\/de\/wp-json\/wp\/v2\/categories?post=30658"},{"taxonomy":"post_tag","embeddable":true,"href":"https:\/\/avalems.ch\/de\/wp-json\/wp\/v2\/tags?post=30658"},{"taxonomy":"author","embeddable":true,"href":"https:\/\/avalems.ch\/de\/wp-json\/wp\/v2\/coauthors?post=30658"}],"curies":[{"name":"wp","href":"https:\/\/api.w.org\/{rel}","templated":true}]}}