{"id":2948,"date":"2021-08-16T18:53:34","date_gmt":"2021-08-16T18:53:34","guid":{"rendered":"https:\/\/testavalems.opointzero.ch\/approche-du-prendre-soins-selon-m-bille\/"},"modified":"2021-08-16T18:57:37","modified_gmt":"2021-08-16T18:57:37","slug":"approche-du-prendre-soins-selon-m-bille","status":"publish","type":"post","link":"https:\/\/avalems.ch\/de\/approche-du-prendre-soins-selon-m-bille\/","title":{"rendered":"Pflegeansatz nach M. Bill\u00e9"},"content":{"rendered":"\n<p>Der franz\u00f6sische Soziologe Michel Bill\u00e9 hat ein ausgepr\u00e4gtes Interesse an der Gerontologie entwickelt. Seine \u00dcberlegungen laden ein, Handlungen an\u00a0<em>kranken\u00a0<\/em>Personen aus einer Betreuungsethik heraus zu betrachten, die permanent kritisch zu hinterfragen ist. Sein Ansatz konzentriert sich insbesondere auf die Haltung gegen\u00fcber den Betroffenen und ihrer Symptomatik sowie auf die Notwendigkeit, die Bedeutung der Symptome zu ergr\u00fcnden. Bill\u00e9 weist ferner auf die Wichtigkeit der Wortwahl hin, da diese einen starken Einfluss auf das Denken und Handeln hat. An den Betroffenen vorgenommene Handlungen verstehen sich im Rahmen einer Betreuungsphilosophie, die ein gewisses Mass an N\u00e4he und Teilhabe sowie eine bestimmte physische und beziehungsdynamische Haltung impliziert. Weiter fordert er dazu auf, den kleinen allt\u00e4glichen Dingen Sinn zu verleihen und Wahlm\u00f6glichkeiten anzubieten in einem Alltag, in dem alles seine Bedeutung hat. Sein Ansatz impliziert daher die verbale Pr\u00e4senz in Form einer einfachen, sanften und liebevollen Sprache. Die Beziehung bildet somit das Herzst\u00fcck dieser Philosophie. Die verbale Pr\u00e4senz wird durch andere Kommunikationsmittel erg\u00e4nzt, z.\u00a0B. Ber\u00fchrung, Musik (geh\u00f6rt und gespielt), Malen, Gestalten oder Modellieren, den Geschmack eines liebevoll zubereiteten Gericht geniessen etc.\u00a0(Bill\u00e9, 2012)<\/p>\n","protected":false},"excerpt":{"rendered":"<p>Der franz\u00f6sische Soziologe Michel Bill\u00e9 hat ein ausgepr\u00e4gtes Interesse an der Gerontologie entwickelt. Seine \u00dcberlegungen laden ein, Handlungen an\u00a0kranken\u00a0Personen aus einer Betreuungsethik heraus zu betrachten, die permanent kritisch zu hinterfragen [&hellip;]<\/p>\n","protected":false},"author":152,"featured_media":0,"comment_status":"open","ping_status":"open","sticky":false,"template":"","format":"standard","meta":{"footnotes":""},"categories":[52],"tags":[],"coauthors":[],"class_list":["post-2948","post","type-post","status-publish","format-standard","hentry","category-themendossiers"],"publishpress_future_action":{"enabled":false,"date":"2026-05-26 19:57:15","action":"change-status","newStatus":"draft","terms":[],"taxonomy":"category","extraData":[]},"publishpress_future_workflow_manual_trigger":{"enabledWorkflows":[]},"_links":{"self":[{"href":"https:\/\/avalems.ch\/de\/wp-json\/wp\/v2\/posts\/2948","targetHints":{"allow":["GET"]}}],"collection":[{"href":"https:\/\/avalems.ch\/de\/wp-json\/wp\/v2\/posts"}],"about":[{"href":"https:\/\/avalems.ch\/de\/wp-json\/wp\/v2\/types\/post"}],"author":[{"embeddable":true,"href":"https:\/\/avalems.ch\/de\/wp-json\/wp\/v2\/users\/152"}],"replies":[{"embeddable":true,"href":"https:\/\/avalems.ch\/de\/wp-json\/wp\/v2\/comments?post=2948"}],"version-history":[{"count":3,"href":"https:\/\/avalems.ch\/de\/wp-json\/wp\/v2\/posts\/2948\/revisions"}],"predecessor-version":[{"id":2951,"href":"https:\/\/avalems.ch\/de\/wp-json\/wp\/v2\/posts\/2948\/revisions\/2951"}],"wp:attachment":[{"href":"https:\/\/avalems.ch\/de\/wp-json\/wp\/v2\/media?parent=2948"}],"wp:term":[{"taxonomy":"category","embeddable":true,"href":"https:\/\/avalems.ch\/de\/wp-json\/wp\/v2\/categories?post=2948"},{"taxonomy":"post_tag","embeddable":true,"href":"https:\/\/avalems.ch\/de\/wp-json\/wp\/v2\/tags?post=2948"},{"taxonomy":"author","embeddable":true,"href":"https:\/\/avalems.ch\/de\/wp-json\/wp\/v2\/coauthors?post=2948"}],"curies":[{"name":"wp","href":"https:\/\/api.w.org\/{rel}","templated":true}]}}