{"id":29105,"date":"2025-01-24T09:56:19","date_gmt":"2025-01-24T08:56:19","guid":{"rendered":"https:\/\/www.avalems.ch\/ergaenzungsleistungen-el\/"},"modified":"2025-09-18T17:25:10","modified_gmt":"2025-09-18T15:25:10","slug":"ergaenzungsleistungen-el","status":"publish","type":"post","link":"https:\/\/avalems.ch\/de\/ergaenzungsleistungen-el\/","title":{"rendered":"Erg\u00e4nzungsleistungen (EL)"},"content":{"rendered":"\n<p>Die Erg\u00e4nzungsleistungen (EL) zur AHV und IV werden gew\u00e4hrt, wenn die Renten und anderen Einkommen die lebensnotwendigen Ausgaben nicht decken. Sie sind ein Recht und d\u00fcrfen nicht mit Leistungen der \u00f6ffentlichen oder privaten F\u00fcrsorge verwechselt werden.<\/p>\n\n\n\n<p>Anspruch auf Erg\u00e4nzungsleistungen haben Personen, die:<\/p>\n\n\n\n<ul class=\"wp-block-list\">\n<li>Einen eigenen Anspruch auf eine AHV-Rente (auch bei vorzeitigem Rentenbezug), eine IV-Rente, eine Hilflosenentsch\u00e4digung der IV oder Taggelder der IV f\u00fcr mindestens sechs Monate haben.<\/li>\n\n\n\n<li>Ihren Wohnsitz und gew\u00f6hnlichen Aufenthalt in der Schweiz haben.<\/li>\n\n\n\n<li>Schweizer B\u00fcrger sind oder, wenn sie Ausl\u00e4nder sind, seit mindestens zehn Jahren ununterbrochen in der Schweiz gelebt haben. F\u00fcr Fl\u00fcchtlinge und Staatenlose betr\u00e4gt diese Frist f\u00fcnf Jahre. In der Regel werden EL ohne Karenzfrist an Staatsangeh\u00f6rige eines Mitgliedstaates der Europ\u00e4ischen Gemeinschaft oder der EFTA gew\u00e4hrt.<\/li>\n<\/ul>\n\n\n\n<h3 class=\"wp-block-heading\"><\/h3>\n","protected":false},"excerpt":{"rendered":"<p>Die Erg\u00e4nzungsleistungen (EL) zur AHV und IV werden gew\u00e4hrt, wenn die Renten und anderen Einkommen die lebensnotwendigen Ausgaben nicht decken. Sie sind ein Recht und d\u00fcrfen nicht mit Leistungen der [&hellip;]<\/p>\n","protected":false},"author":552,"featured_media":0,"comment_status":"closed","ping_status":"closed","sticky":false,"template":"","format":"standard","meta":{"footnotes":""},"categories":[52,531],"tags":[],"coauthors":[513],"class_list":["post-29105","post","type-post","status-publish","format-standard","hentry","category-themendossiers","category-wirtschaft"],"publishpress_future_action":{"enabled":false,"date":"2026-05-29 19:57:14","action":"change-status","newStatus":"draft","terms":[],"taxonomy":"category","extraData":[]},"publishpress_future_workflow_manual_trigger":{"enabledWorkflows":[]},"_links":{"self":[{"href":"https:\/\/avalems.ch\/de\/wp-json\/wp\/v2\/posts\/29105","targetHints":{"allow":["GET"]}}],"collection":[{"href":"https:\/\/avalems.ch\/de\/wp-json\/wp\/v2\/posts"}],"about":[{"href":"https:\/\/avalems.ch\/de\/wp-json\/wp\/v2\/types\/post"}],"author":[{"embeddable":true,"href":"https:\/\/avalems.ch\/de\/wp-json\/wp\/v2\/users\/552"}],"replies":[{"embeddable":true,"href":"https:\/\/avalems.ch\/de\/wp-json\/wp\/v2\/comments?post=29105"}],"version-history":[{"count":4,"href":"https:\/\/avalems.ch\/de\/wp-json\/wp\/v2\/posts\/29105\/revisions"}],"predecessor-version":[{"id":35925,"href":"https:\/\/avalems.ch\/de\/wp-json\/wp\/v2\/posts\/29105\/revisions\/35925"}],"wp:attachment":[{"href":"https:\/\/avalems.ch\/de\/wp-json\/wp\/v2\/media?parent=29105"}],"wp:term":[{"taxonomy":"category","embeddable":true,"href":"https:\/\/avalems.ch\/de\/wp-json\/wp\/v2\/categories?post=29105"},{"taxonomy":"post_tag","embeddable":true,"href":"https:\/\/avalems.ch\/de\/wp-json\/wp\/v2\/tags?post=29105"},{"taxonomy":"author","embeddable":true,"href":"https:\/\/avalems.ch\/de\/wp-json\/wp\/v2\/coauthors?post=29105"}],"curies":[{"name":"wp","href":"https:\/\/api.w.org\/{rel}","templated":true}]}}