{"id":29064,"date":"2025-01-24T09:55:52","date_gmt":"2025-01-24T08:55:52","guid":{"rendered":"https:\/\/www.avalems.ch\/verwandte-links\/"},"modified":"2026-01-22T17:51:28","modified_gmt":"2026-01-22T16:51:28","slug":"verwandte-links","status":"publish","type":"post","link":"https:\/\/avalems.ch\/de\/verwandte-links\/","title":{"rendered":"Verwandte Links"},"content":{"rendered":"\n<p>Funktioniert ein Link nicht oder m\u00f6chten Sie einen Verweis hinzuf\u00fcgen? Schreiben Sie uns an <a href=\"mailto:info@avalems.ch\">info@avalems-ch<\/a><\/p>\n\n\n\n<h3 class=\"wp-block-heading\"><strong>F\u00fcr die breite \u00d6ffentlichkeit<\/strong><\/h3>\n\n\n\n<p class=\"link dossier\"><a href=\"https:\/\/www.curaviva.ch\/Home\/Pdsob\/?lang=de\" target=\"_blank\" rel=\"noreferrer noopener\"><strong>CURAVIVA <\/strong>&#8211; Kosten und Finanzierung eines Aufenthalts in einem Pflegeheim<\/a><\/p>\n\n\n\n<p class=\"link dossier\"><a href=\"https:\/\/www.ahvwallis.ch\/de\/index.html\" target=\"_blank\" rel=\"noreferrer noopener\"><strong>AVALEMS<\/strong> &#8211; Welche Kosten gehen zu Lasten des Bewohners<strong>?<\/strong> <\/a><\/p>\n\n\n\n<h3 class=\"wp-block-heading\"><strong>F\u00fcr Berufst\u00e4tige<\/strong><\/h3>\n\n\n\n<p class=\"link dossier\"><a href=\"https:\/\/www.curaviva.ch\/Infos-specialisees\/Dossiers-thematiques\/Financement-des-soins\/P8ns0\/\" target=\"_blank\" rel=\"noreferrer noopener\"><strong>CURAVIVA <\/strong>&#8211; Thematisches Dossier zur Pflegefinanzierung<\/a><\/p>\n\n\n\n<p class=\"link dossier\"><a href=\"https:\/\/www.avalems.ch\/de\/in-einem-pflegeheim-arbeiten\/arbeitsbedingungen\/\" target=\"_blank\" rel=\"noreferrer noopener\"><strong>AVALEMS <\/strong>&#8211; Arbeitsbedingungen in Alten- und Pflegeheimen<\/a><\/p>\n\n\n\n<p class=\"link dossier\"><a href=\"https:\/\/www.ahvwallis.ch\/de\/index.html\" target=\"_blank\" rel=\"noopener\">EL- und Hilflosenentsch\u00e4digungs-Formulare<\/a><\/p>\n\n\n\n<p class=\"link dossier\"><a href=\"https:\/\/lex.vs.ch\/app\/de\/texts_of_law\/800.10\" target=\"_blank\" rel=\"noopener\">Gesetzlicher Rahmen und kantonale Richtlinien<\/a><\/p>\n\n\n\n<h3 class=\"wp-block-heading\"><strong>Zugang nur f\u00fcr Mitglieder von AVALEMS<\/strong><\/h3>\n\n\n\n<p class=\"link dossier\"><a href=\"https:\/\/www.avalems.ch\/contrats-avec-les-assureurs\/\">Rahmenbedingungen mit den Krankenversicherern<\/a><\/p>\n\n\n\n<p class=\"link dossier\"><a href=\"https:\/\/www.avalems.ch\/modeles-de-contrats-2\/\">Vertragsvorlagen<\/a><\/p>\n","protected":false},"excerpt":{"rendered":"<p>Funktioniert ein Link nicht oder m\u00f6chten Sie einen Verweis hinzuf\u00fcgen? Schreiben Sie uns an info@avalems-ch F\u00fcr die breite \u00d6ffentlichkeit CURAVIVA &#8211; Kosten und Finanzierung eines Aufenthalts in einem Pflegeheim AVALEMS [&hellip;]<\/p>\n","protected":false},"author":552,"featured_media":0,"comment_status":"closed","ping_status":"closed","sticky":false,"template":"","format":"standard","meta":{"footnotes":""},"categories":[52,531],"tags":[],"coauthors":[513],"class_list":["post-29064","post","type-post","status-publish","format-standard","hentry","category-themendossiers","category-wirtschaft"],"publishpress_future_action":{"enabled":false,"date":"2026-06-02 11:07:59","action":"change-status","newStatus":"draft","terms":[],"taxonomy":"category","extraData":[]},"publishpress_future_workflow_manual_trigger":{"enabledWorkflows":[]},"_links":{"self":[{"href":"https:\/\/avalems.ch\/de\/wp-json\/wp\/v2\/posts\/29064","targetHints":{"allow":["GET"]}}],"collection":[{"href":"https:\/\/avalems.ch\/de\/wp-json\/wp\/v2\/posts"}],"about":[{"href":"https:\/\/avalems.ch\/de\/wp-json\/wp\/v2\/types\/post"}],"author":[{"embeddable":true,"href":"https:\/\/avalems.ch\/de\/wp-json\/wp\/v2\/users\/552"}],"replies":[{"embeddable":true,"href":"https:\/\/avalems.ch\/de\/wp-json\/wp\/v2\/comments?post=29064"}],"version-history":[{"count":12,"href":"https:\/\/avalems.ch\/de\/wp-json\/wp\/v2\/posts\/29064\/revisions"}],"predecessor-version":[{"id":38135,"href":"https:\/\/avalems.ch\/de\/wp-json\/wp\/v2\/posts\/29064\/revisions\/38135"}],"wp:attachment":[{"href":"https:\/\/avalems.ch\/de\/wp-json\/wp\/v2\/media?parent=29064"}],"wp:term":[{"taxonomy":"category","embeddable":true,"href":"https:\/\/avalems.ch\/de\/wp-json\/wp\/v2\/categories?post=29064"},{"taxonomy":"post_tag","embeddable":true,"href":"https:\/\/avalems.ch\/de\/wp-json\/wp\/v2\/tags?post=29064"},{"taxonomy":"author","embeddable":true,"href":"https:\/\/avalems.ch\/de\/wp-json\/wp\/v2\/coauthors?post=29064"}],"curies":[{"name":"wp","href":"https:\/\/api.w.org\/{rel}","templated":true}]}}