{"id":29062,"date":"2025-01-24T09:00:00","date_gmt":"2025-01-24T08:00:00","guid":{"rendered":"https:\/\/www.avalems.ch\/gesetzlicher-rahmen-im-wallis\/"},"modified":"2025-02-13T10:34:58","modified_gmt":"2025-02-13T09:34:58","slug":"gesetzlicher-rahmen-im-wallis","status":"publish","type":"post","link":"https:\/\/avalems.ch\/de\/gesetzlicher-rahmen-im-wallis\/","title":{"rendered":"Rechtlicher Rahmen im Wallis"},"content":{"rendered":"\n<p>Das Gesundheitsgesetz des Kantons Wallis vom 14. Februar 2008 h\u00e4lt fest, dass der Patient und im erweiterten Sinne der Bewohner das Recht auf einen geistlichen Beistand sowie auf Achtung seiner Glaubens- und Gewissensfreiheit hat.&nbsp;<\/p>\n\n\n\n<p>Nach dem Gesetz \u00fcber das Verh\u00e4ltnis zwischen Kirchen und Staat im Kanton Wallis (GVKS) vom 13. November 1991 sind die r\u00f6misch-katholische Kirche und die evangelisch-reformierte Kirche durch die Kantonsverfassung als \u00f6ffentlich-rechtliche Institutionen anerkannt.<\/p>\n","protected":false},"excerpt":{"rendered":"<p>Das Gesundheitsgesetz des Kantons Wallis vom 14. Februar 2008 h\u00e4lt fest, dass der Patient und im erweiterten Sinne der Bewohner das Recht auf einen geistlichen Beistand sowie auf Achtung seiner [&hellip;]<\/p>\n","protected":false},"author":552,"featured_media":0,"comment_status":"closed","ping_status":"closed","sticky":false,"template":"","format":"standard","meta":{"footnotes":""},"categories":[530,52],"tags":[],"coauthors":[513],"class_list":["post-29062","post","type-post","status-publish","format-standard","hentry","category-spiritualitat","category-themendossiers"],"publishpress_future_action":{"enabled":false,"date":"2026-05-30 17:14:24","action":"change-status","newStatus":"draft","terms":[],"taxonomy":"category","extraData":[]},"publishpress_future_workflow_manual_trigger":{"enabledWorkflows":[]},"_links":{"self":[{"href":"https:\/\/avalems.ch\/de\/wp-json\/wp\/v2\/posts\/29062","targetHints":{"allow":["GET"]}}],"collection":[{"href":"https:\/\/avalems.ch\/de\/wp-json\/wp\/v2\/posts"}],"about":[{"href":"https:\/\/avalems.ch\/de\/wp-json\/wp\/v2\/types\/post"}],"author":[{"embeddable":true,"href":"https:\/\/avalems.ch\/de\/wp-json\/wp\/v2\/users\/552"}],"replies":[{"embeddable":true,"href":"https:\/\/avalems.ch\/de\/wp-json\/wp\/v2\/comments?post=29062"}],"version-history":[{"count":4,"href":"https:\/\/avalems.ch\/de\/wp-json\/wp\/v2\/posts\/29062\/revisions"}],"predecessor-version":[{"id":29850,"href":"https:\/\/avalems.ch\/de\/wp-json\/wp\/v2\/posts\/29062\/revisions\/29850"}],"wp:attachment":[{"href":"https:\/\/avalems.ch\/de\/wp-json\/wp\/v2\/media?parent=29062"}],"wp:term":[{"taxonomy":"category","embeddable":true,"href":"https:\/\/avalems.ch\/de\/wp-json\/wp\/v2\/categories?post=29062"},{"taxonomy":"post_tag","embeddable":true,"href":"https:\/\/avalems.ch\/de\/wp-json\/wp\/v2\/tags?post=29062"},{"taxonomy":"author","embeddable":true,"href":"https:\/\/avalems.ch\/de\/wp-json\/wp\/v2\/coauthors?post=29062"}],"curies":[{"name":"wp","href":"https:\/\/api.w.org\/{rel}","templated":true}]}}