{"id":22941,"date":"2023-12-22T10:18:24","date_gmt":"2023-12-22T09:18:24","guid":{"rendered":"https:\/\/www.avalems.ch\/?p=22941"},"modified":"2023-12-22T10:18:25","modified_gmt":"2023-12-22T09:18:25","slug":"vorentwurf-zur-revision-des-gesundheitsgesetzes-gesg","status":"publish","type":"post","link":"https:\/\/avalems.ch\/de\/vorentwurf-zur-revision-des-gesundheitsgesetzes-gesg\/","title":{"rendered":"Vorentwurf zur Revision des Gesundheitsgesetzes (GesG)"},"content":{"rendered":"\n<p><strong>Der Verband Walliser Pflegeheim begr\u00fcsst den Vorschlag, die Rolle der kantonalen Pflegefachperson zum ersten Mal in der Schweiz in einem Gesundheitsgesetz zu verankern, als Dachorganisation von Institutionen, die insgesamt 850 Pflegefachpersonen besch\u00e4ftigen. Der Verband w\u00fcnscht jedoch, dass die Aufgaben gekl\u00e4rt und ausgeweitet werden.<\/strong><\/p>\n\n\n\n<h2 class=\"wp-block-heading\">Entwicklung<\/h2>\n\n\n\n<p>Artikel 11a (neu) des Entwurfs zur Revision des Gesundheitsgesetzes verankert die Rolle der kantonalen Pflegefachperson. Dieser Artikel entspricht dem Willen des Gesetzgebers (Motion Melly und anderen, angenommen am 15. Juni 2023).<\/p>\n\n\n\n<p>Die Pflegeheime besch\u00e4ftigen insgesamt 850 Pflegefachpersonen. Im Alltag liegt die Verantwortung f\u00fcr die Pflege bei der Pflegedienstleiterin oder dem Pflegedienstleiter der Institution. Die Pflegeheime sind daher besonders betroffen und sich der Bedeutung und der Rolle der Pflege bewusst. Aus diesem Grund begr\u00fcsst die AVALEMS den Willen des Walliser Gesetzgebers, zum ersten Mal in der Schweiz die Rolle der kantonalen Pflegefachperson in einem Gesundheitsgesetz zu verankern.<\/p>\n\n\n\n<p>Der Revisionsentwurf hat die Mitglieder jedoch entt\u00e4uscht, um nicht zu sagen schockiert. Nicht nur ist die Rolle die einzige, die geschlechtsspezifisch ist (Kantonsarzt, -apotheker und -tierarzt werden in der neutralen m\u00e4nnlichen Form genannt), sondern diese Rolle beschr\u00e4nkt sich auch auf &#8222;eine Vision entwickeln&#8220; und &#8222;den Kantonsarzt unterst\u00fctzen&#8220;.<\/p>\n\n\n\n<p>Nach dem Vorbild des Kantonsarztes w\u00e4re es w\u00fcnschenswert, dass das Gesetz f\u00fcr die Stelle des Kantonspflegers definierte Vorrechte und eine F\u00fchrungsrolle innerhalb des Amtes f\u00fcr Gesundheit verankert. In Anbetracht der Ausrichtung der Pflege in den Pflegeheimen und der Spitex w\u00e4re die Kantonspflegefachperson f\u00fcr die \u00dcberwachung und die Festlegung der Pflegestandards zust\u00e4ndig, insbesondere in den Pflegeheimen und bei der Spitex.<\/p>\n\n\n\n<p>Die vom Staatsrat genehmigte Planung der Langzeitpflege im Jahr 2023 zeigt, dass es unm\u00f6glich ist, dem steigenden Bedarf an Pflegeressourcen, der insbesondere von den subventionierten Institutionen ausgeht, gerecht zu werden. Nach dem Vorbild des Kantonsarztes k\u00f6nnte die kantonale Pflegefachperson f\u00fcr die angemessene Zuteilung der Pflegeressourcen zust\u00e4ndig sein, indem sie die Mindestdotierungen nach den Priorit\u00e4ten des \u00f6ffentlichen Gesundheitswesens priorisiert.<\/p>\n\n\n\n<p>Diese \u00fcbergreifende Vision sollte auch dazu dienen, Qualit\u00e4tsstandards f\u00fcr die Pflege festzulegen, die f\u00fcr alle Institutionen des Gesundheitswesens (im Sinne von Artikel 73 des Gesetzes) gelten. Die AVALEMS m\u00f6chte die Aufmerksamkeit auf die ungleichheit zwischen den kantonalen Normen und Kontrollen, die auf die Pflege in Pflegeheimen angewandt werden, und der Praxis, die zum Beispiel in einer Institution wie dem Spital Wallis angewandt wird, lenken.<\/p>\n\n\n\n<p>Die AVALEMS schl\u00e4gt daher vor, den Entwurf des Artikels 11a wie folgt zu \u00e4ndern:<\/p>\n\n\n\n<figure class=\"wp-block-table\"><table><tbody><tr><td><strong>Version in Konsultation<\/strong><\/td><td><strong>Abge\u00e4nderte Fassung<\/strong><\/td><\/tr><tr><td>Art. 11a (neu) Kantonale Krankenschwester<\/td><td>Art. 11a (neu) Kantonaler Krankenpfleger<\/td><\/tr><tr><td>1 Die Kantonspflegefachperson ist im Rahmen des Amtes f\u00fcr Gesundheit mit der F\u00f6rderung und Aufwertung der Pflegeberufe und der Entwicklung einer strategischen Vision der Pflege beauftragt.<\/td><td>1 Die Kantonspflegefachperson ist im Rahmen des Amtes f\u00fcr Gesundheitswesen mit allen Fragen der Pflege betraut und geh\u00f6rt der Direktion des Amtes f\u00fcr Gesundheitswesen an. Er ist in der Ausf\u00fchrung seiner Aufgaben selbst\u00e4ndig. Er kann bei der Ausf\u00fchrung seiner Aufgaben Mitarbeiter hinzuziehen, insbesondere Gesundheitspfleger.<\/td><\/tr><tr><td>2 Sie unterst\u00fctzt die Kantons\u00e4rztin oder den Kantonsarzt bei der Aufsicht \u00fcber die Berufe des Gesundheitswesens.<\/td><td>2 In Zusammenarbeit mit dem Kantonsarzt oder der Kantons\u00e4rztin nimmt es die Aufsicht \u00fcber die Gesundheitsberufe wahr, insbesondere im Bereich der Krankenpflege.<\/td><\/tr><tr><td>&nbsp;<\/td><td>3. Er sorgt f\u00fcr einen sinnvollen und angemessenen Einsatz der Pflegeressourcen. Er legt die Mindest- und H\u00f6chstdotierungen innerhalb der subventionierten Pflegeeinrichtungen fest.<\/td><\/tr><tr><td>&nbsp;<\/td><td>4. Er unterst\u00fctzt den Kantonsarzt\/die Kantons\u00e4rztin bei der Entscheidungsfindung in besonderen Situationen (Epidemien etc.).<\/td><\/tr><\/tbody><\/table><\/figure>\n\n\n\n<h2 class=\"wp-block-heading\">Andere Artikel<\/h2>\n\n\n\n<p>AVALEMS nimmt zu den anderen Artikeln, die im Rahmen der Konsultation vorgelegt wurden, nicht Stellung.<\/p>\n","protected":false},"excerpt":{"rendered":"<p>Der Verband Walliser Pflegeheim begr\u00fcsst den Vorschlag, die Rolle der kantonalen Pflegefachperson zum ersten Mal in der Schweiz in einem Gesundheitsgesetz zu verankern, als Dachorganisation von Institutionen, die insgesamt 850 Pflegefachpersonen besch\u00e4ftigen. Der Verband w\u00fcnscht jedoch, dass die Aufgaben gekl\u00e4rt und ausgeweitet werden.<\/p>\n","protected":false},"author":152,"featured_media":2612,"comment_status":"closed","ping_status":"closed","sticky":false,"template":"","format":"standard","meta":{"footnotes":""},"categories":[50],"tags":[],"coauthors":[106],"class_list":["post-22941","post","type-post","status-publish","format-standard","has-post-thumbnail","hentry","category-stellungnahmen"],"publishpress_future_action":{"enabled":false,"date":"2026-05-26 23:28:55","action":"change-status","newStatus":"draft","terms":[],"taxonomy":"category","extraData":[]},"publishpress_future_workflow_manual_trigger":{"enabledWorkflows":[]},"_links":{"self":[{"href":"https:\/\/avalems.ch\/de\/wp-json\/wp\/v2\/posts\/22941","targetHints":{"allow":["GET"]}}],"collection":[{"href":"https:\/\/avalems.ch\/de\/wp-json\/wp\/v2\/posts"}],"about":[{"href":"https:\/\/avalems.ch\/de\/wp-json\/wp\/v2\/types\/post"}],"author":[{"embeddable":true,"href":"https:\/\/avalems.ch\/de\/wp-json\/wp\/v2\/users\/152"}],"replies":[{"embeddable":true,"href":"https:\/\/avalems.ch\/de\/wp-json\/wp\/v2\/comments?post=22941"}],"version-history":[{"count":1,"href":"https:\/\/avalems.ch\/de\/wp-json\/wp\/v2\/posts\/22941\/revisions"}],"predecessor-version":[{"id":22942,"href":"https:\/\/avalems.ch\/de\/wp-json\/wp\/v2\/posts\/22941\/revisions\/22942"}],"wp:featuredmedia":[{"embeddable":true,"href":"https:\/\/avalems.ch\/de\/wp-json\/wp\/v2\/media\/2612"}],"wp:attachment":[{"href":"https:\/\/avalems.ch\/de\/wp-json\/wp\/v2\/media?parent=22941"}],"wp:term":[{"taxonomy":"category","embeddable":true,"href":"https:\/\/avalems.ch\/de\/wp-json\/wp\/v2\/categories?post=22941"},{"taxonomy":"post_tag","embeddable":true,"href":"https:\/\/avalems.ch\/de\/wp-json\/wp\/v2\/tags?post=22941"},{"taxonomy":"author","embeddable":true,"href":"https:\/\/avalems.ch\/de\/wp-json\/wp\/v2\/coauthors?post=22941"}],"curies":[{"name":"wp","href":"https:\/\/api.w.org\/{rel}","templated":true}]}}