{"id":22893,"date":"2023-12-18T18:04:46","date_gmt":"2023-12-18T17:04:46","guid":{"rendered":"https:\/\/www.avalems.ch\/nouvelliste-valaistars-2023-nous-sommes-dans-la-vie-jusquau-dernier-jour-isabelle-millioud-presidente-de-la-fondation-maison-azur\/"},"modified":"2023-12-19T09:36:50","modified_gmt":"2023-12-19T08:36:50","slug":"nouvelliste-valaistars-2023-nous-sommes-dans-la-vie-jusquau-dernier-jour-isabelle-millioud-presidente-de-la-fondation-maison-azur","status":"publish","type":"post","link":"https:\/\/avalems.ch\/de\/nouvelliste-valaistars-2023-nous-sommes-dans-la-vie-jusquau-dernier-jour-isabelle-millioud-presidente-de-la-fondation-maison-azur\/","title":{"rendered":"Nouvelliste : ValaiStars 2023 : \u00abNous sommes dans la vie jusqu\u2019au dernier jour\u00bb Isabelle Millioud, pr\u00e9sidente de la Fondation Maison Azur"},"content":{"rendered":"\n<p>La Maison Azur, un hospice de soins palliatifs o\u00f9 l\u2019humain est au centre des pr\u00e9occupations, est finaliste pour \u00eatre Valaistar 2023. Interview de la pr\u00e9sidente de la fondation, Isabelle Millioud.<\/p>\n\n\n\n<p><a href=\"https:\/\/www.lenouvelliste.ch\/valais\/valaistars-2023-nous-sommes-dans-la-vie-jusquau-dernier-jour-isabelle-millioud-presidente-de-la-fondation-maison-azur-1347425\" target=\"_blank\" rel=\"noreferrer noopener\">Lire l&#8217;article<\/a><\/p>\n","protected":false},"excerpt":{"rendered":"<p>La Maison Azur, un hospice de soins palliatifs o\u00f9 l\u2019humain est au centre des pr\u00e9occupations, est finaliste pour \u00eatre Valaistar 2023. Interview de la pr\u00e9sidente de la fondation, Isabelle Millioud. [&hellip;]<\/p>\n","protected":false},"author":152,"featured_media":1480,"comment_status":"closed","ping_status":"closed","sticky":false,"template":"","format":"standard","meta":{"footnotes":""},"categories":[46],"tags":[],"coauthors":[106],"class_list":["post-22893","post","type-post","status-publish","format-standard","has-post-thumbnail","hentry","category-revue-de-presse-de"],"publishpress_future_action":{"enabled":false,"date":"2026-05-29 06:03:43","action":"change-status","newStatus":"draft","terms":[],"taxonomy":"category","extraData":[]},"publishpress_future_workflow_manual_trigger":{"enabledWorkflows":[]},"_links":{"self":[{"href":"https:\/\/avalems.ch\/de\/wp-json\/wp\/v2\/posts\/22893","targetHints":{"allow":["GET"]}}],"collection":[{"href":"https:\/\/avalems.ch\/de\/wp-json\/wp\/v2\/posts"}],"about":[{"href":"https:\/\/avalems.ch\/de\/wp-json\/wp\/v2\/types\/post"}],"author":[{"embeddable":true,"href":"https:\/\/avalems.ch\/de\/wp-json\/wp\/v2\/users\/152"}],"replies":[{"embeddable":true,"href":"https:\/\/avalems.ch\/de\/wp-json\/wp\/v2\/comments?post=22893"}],"version-history":[{"count":2,"href":"https:\/\/avalems.ch\/de\/wp-json\/wp\/v2\/posts\/22893\/revisions"}],"predecessor-version":[{"id":22896,"href":"https:\/\/avalems.ch\/de\/wp-json\/wp\/v2\/posts\/22893\/revisions\/22896"}],"wp:featuredmedia":[{"embeddable":true,"href":"https:\/\/avalems.ch\/de\/wp-json\/wp\/v2\/media\/1480"}],"wp:attachment":[{"href":"https:\/\/avalems.ch\/de\/wp-json\/wp\/v2\/media?parent=22893"}],"wp:term":[{"taxonomy":"category","embeddable":true,"href":"https:\/\/avalems.ch\/de\/wp-json\/wp\/v2\/categories?post=22893"},{"taxonomy":"post_tag","embeddable":true,"href":"https:\/\/avalems.ch\/de\/wp-json\/wp\/v2\/tags?post=22893"},{"taxonomy":"author","embeddable":true,"href":"https:\/\/avalems.ch\/de\/wp-json\/wp\/v2\/coauthors?post=22893"}],"curies":[{"name":"wp","href":"https:\/\/api.w.org\/{rel}","templated":true}]}}