{"id":16649,"date":"2023-01-09T11:10:00","date_gmt":"2023-01-09T10:10:00","guid":{"rendered":"https:\/\/www.avalems.ch\/covid-un-rapport-critique-severement-les-ems-et-les-homes\/"},"modified":"2023-01-23T11:25:41","modified_gmt":"2023-01-23T10:25:41","slug":"covid-un-rapport-critique-severement-les-ems-et-les-homes","status":"publish","type":"post","link":"https:\/\/avalems.ch\/de\/covid-un-rapport-critique-severement-les-ems-et-les-homes\/","title":{"rendered":"Covid: un rapport critique s\u00e9v\u00e8rement les EMS et les homes"},"content":{"rendered":"\n<p>La pand\u00e9mie a mis en lumi\u00e8re, dans les homes et EMS, des probl\u00e8mes qui ne sont pas sp\u00e9cifiquement li\u00e9s \u00e0 la crise du coronavirus.<\/p>\n\n\n\n<p><a href=\"https:\/\/www.lenouvelliste.ch\/suisse\/covid-un-rapport-critique-severement-les-ems-et-les-homes-1250157\" target=\"_blank\" rel=\"noreferrer noopener\">Lire l&#8217;article<\/a><\/p>\n","protected":false},"excerpt":{"rendered":"<p>La pand\u00e9mie a mis en lumi\u00e8re, dans les homes et EMS, des probl\u00e8mes qui ne sont pas sp\u00e9cifiquement li\u00e9s \u00e0 la crise du coronavirus. Lire l&#8217;article<\/p>\n","protected":false},"author":152,"featured_media":1480,"comment_status":"open","ping_status":"open","sticky":false,"template":"","format":"standard","meta":{"footnotes":""},"categories":[1],"tags":[],"coauthors":[106],"class_list":["post-16649","post","type-post","status-publish","format-standard","has-post-thumbnail","hentry","category-actualites"],"publishpress_future_action":{"enabled":false,"date":"2026-06-02 01:17:28","action":"change-status","newStatus":"draft","terms":[],"taxonomy":"category","extraData":[]},"publishpress_future_workflow_manual_trigger":{"enabledWorkflows":[]},"_links":{"self":[{"href":"https:\/\/avalems.ch\/de\/wp-json\/wp\/v2\/posts\/16649","targetHints":{"allow":["GET"]}}],"collection":[{"href":"https:\/\/avalems.ch\/de\/wp-json\/wp\/v2\/posts"}],"about":[{"href":"https:\/\/avalems.ch\/de\/wp-json\/wp\/v2\/types\/post"}],"author":[{"embeddable":true,"href":"https:\/\/avalems.ch\/de\/wp-json\/wp\/v2\/users\/152"}],"replies":[{"embeddable":true,"href":"https:\/\/avalems.ch\/de\/wp-json\/wp\/v2\/comments?post=16649"}],"version-history":[{"count":1,"href":"https:\/\/avalems.ch\/de\/wp-json\/wp\/v2\/posts\/16649\/revisions"}],"predecessor-version":[{"id":16650,"href":"https:\/\/avalems.ch\/de\/wp-json\/wp\/v2\/posts\/16649\/revisions\/16650"}],"wp:featuredmedia":[{"embeddable":true,"href":"https:\/\/avalems.ch\/de\/wp-json\/wp\/v2\/media\/1480"}],"wp:attachment":[{"href":"https:\/\/avalems.ch\/de\/wp-json\/wp\/v2\/media?parent=16649"}],"wp:term":[{"taxonomy":"category","embeddable":true,"href":"https:\/\/avalems.ch\/de\/wp-json\/wp\/v2\/categories?post=16649"},{"taxonomy":"post_tag","embeddable":true,"href":"https:\/\/avalems.ch\/de\/wp-json\/wp\/v2\/tags?post=16649"},{"taxonomy":"author","embeddable":true,"href":"https:\/\/avalems.ch\/de\/wp-json\/wp\/v2\/coauthors?post=16649"}],"curies":[{"name":"wp","href":"https:\/\/api.w.org\/{rel}","templated":true}]}}