{"id":16583,"date":"2022-03-04T18:41:00","date_gmt":"2022-03-04T17:41:00","guid":{"rendered":"https:\/\/www.avalems.ch\/le-grand-conseil-va-debattre-une-cinquieme-et-derniere-fois-du-suicide-assiste-en-ems\/"},"modified":"2023-01-14T19:11:41","modified_gmt":"2023-01-14T18:11:41","slug":"le-grand-conseil-va-debattre-une-cinquieme-et-derniere-fois-du-suicide-assiste-en-ems","status":"publish","type":"post","link":"https:\/\/avalems.ch\/de\/le-grand-conseil-va-debattre-une-cinquieme-et-derniere-fois-du-suicide-assiste-en-ems\/","title":{"rendered":"Le Grand Conseil va d\u00e9battre une cinqui\u00e8me et derni\u00e8re fois du suicide assist\u00e9 en EMS"},"content":{"rendered":"\n<p>La semaine prochaine, les d\u00e9put\u00e9s devraient trouver l\u2019\u00e9pilogue du d\u00e9bat sur l\u2019assistance au suicide en institution qui dure depuis bient\u00f4t trois ans. M\u00eame si, sur le fond, les arguments de chaque camp n\u2019ont pas \u00e9volu\u00e9.<\/p>\n\n\n\n<p><a href=\"https:\/\/www.lenouvelliste.ch\/valais\/le-grand-conseil-va-debattre-une-cinquieme-et-derniere-fois-du-suicide-assiste-en-ems-1161538\" target=\"_blank\" rel=\"noreferrer noopener\">Lire l&#8217;article complet<\/a><\/p>\n\n\n\n<p><\/p>\n","protected":false},"excerpt":{"rendered":"<p>La semaine prochaine, les d\u00e9put\u00e9s devraient trouver l\u2019\u00e9pilogue du d\u00e9bat sur l\u2019assistance au suicide en institution qui dure depuis bient\u00f4t trois ans. M\u00eame si, sur le fond, les arguments de [&hellip;]<\/p>\n","protected":false},"author":152,"featured_media":1480,"comment_status":"open","ping_status":"open","sticky":false,"template":"","format":"standard","meta":{"footnotes":""},"categories":[46],"tags":[],"coauthors":[106],"class_list":["post-16583","post","type-post","status-publish","format-standard","has-post-thumbnail","hentry","category-revue-de-presse-de"],"publishpress_future_action":{"enabled":false,"date":"2026-05-30 18:07:00","action":"change-status","newStatus":"draft","terms":[],"taxonomy":"category","extraData":[]},"publishpress_future_workflow_manual_trigger":{"enabledWorkflows":[]},"_links":{"self":[{"href":"https:\/\/avalems.ch\/de\/wp-json\/wp\/v2\/posts\/16583","targetHints":{"allow":["GET"]}}],"collection":[{"href":"https:\/\/avalems.ch\/de\/wp-json\/wp\/v2\/posts"}],"about":[{"href":"https:\/\/avalems.ch\/de\/wp-json\/wp\/v2\/types\/post"}],"author":[{"embeddable":true,"href":"https:\/\/avalems.ch\/de\/wp-json\/wp\/v2\/users\/152"}],"replies":[{"embeddable":true,"href":"https:\/\/avalems.ch\/de\/wp-json\/wp\/v2\/comments?post=16583"}],"version-history":[{"count":1,"href":"https:\/\/avalems.ch\/de\/wp-json\/wp\/v2\/posts\/16583\/revisions"}],"predecessor-version":[{"id":16584,"href":"https:\/\/avalems.ch\/de\/wp-json\/wp\/v2\/posts\/16583\/revisions\/16584"}],"wp:featuredmedia":[{"embeddable":true,"href":"https:\/\/avalems.ch\/de\/wp-json\/wp\/v2\/media\/1480"}],"wp:attachment":[{"href":"https:\/\/avalems.ch\/de\/wp-json\/wp\/v2\/media?parent=16583"}],"wp:term":[{"taxonomy":"category","embeddable":true,"href":"https:\/\/avalems.ch\/de\/wp-json\/wp\/v2\/categories?post=16583"},{"taxonomy":"post_tag","embeddable":true,"href":"https:\/\/avalems.ch\/de\/wp-json\/wp\/v2\/tags?post=16583"},{"taxonomy":"author","embeddable":true,"href":"https:\/\/avalems.ch\/de\/wp-json\/wp\/v2\/coauthors?post=16583"}],"curies":[{"name":"wp","href":"https:\/\/api.w.org\/{rel}","templated":true}]}}