{"id":16343,"date":"2023-01-05T13:44:16","date_gmt":"2023-01-05T12:44:16","guid":{"rendered":"https:\/\/www.avalems.ch\/?p=16343"},"modified":"2023-01-16T14:56:03","modified_gmt":"2023-01-16T13:56:03","slug":"vorentwurf-erlaeuternder-bericht-zahnpflege","status":"publish","type":"post","link":"https:\/\/avalems.ch\/de\/vorentwurf-erlaeuternder-bericht-zahnpflege\/","title":{"rendered":"Vorentwurf erl\u00e4uternder Bericht Zahnpflege"},"content":{"rendered":"\n<p><strong>Der Staatsrat hat das Departement f\u00fcr Gesundheit, Soziales und Kultur erm\u00e4chtigt, den Vorentwurf bis zum 16. Januar 2023 in die Vernehmlassung zu schicken.<\/strong><\/p>\n\n\n\n<p>Der Entwurf in Form eines Pakets umfasst sieben Massnahmen aus den Empfehlungen einer ausserparlamentarischen Kommission, die zur Behandlung der Initiative &#8222;F\u00fcr die Einf\u00fchrung einer kantonalen Zahnpflegeversicherung&#8220; und des Postulats &#8222;Zahnpflege f\u00fcr alle &#8211; die Zeit dr\u00e4ngt&#8220;. Das Massnahmenpaket ist mit einer \u00c4nderung des Ausf\u00fchrungsgesetzes zum Bundesgesetz \u00fcber die Familienzulagen (FamZG) verbunden, die darauf abzielt, Familien in bescheidenen wirtschaftlichen Verh\u00e4ltnissen bei ihren Ausgaben f\u00fcr die Zahnpflege zu unterst\u00fctzen.<\/p>\n\n\n\n<p>Von dem Massnahmenpaket haben die folgenden Auswirkungen auf Bewohnerinnen und Bewohner von Alters- und Pflegeheimen:<\/p>\n\n\n\n<ul class=\"wp-block-list\"><li>Anhebung der Obergrenze f\u00fcr Hygienebehandlungen f\u00fcr Bez\u00fcger von AHV\/IV-Erg\u00e4nzungsleistungen durch die Einf\u00fchrung einer Obergrenze, die je nach Situation des Patienten angepasst werden kann.<\/li><li>Einf\u00fchrung einer zahn\u00e4rztlichen Beratung f\u00fcr \u00e4ltere Menschen innerhalb von drei Monaten nach dem Eintritt in ein Pflegeheim. Die finanziellen Auswirkungen dieser Massnahme werden auf rund Fr. 168&#8217;000.- pro Jahr zu Lasten des Kantons und Fr. 72&#8217;000.- f\u00fcr die Gemeinden gesch\u00e4tzt<\/li><\/ul>\n\n\n\n<h2 class=\"wp-block-heading\">Position der AVALEMS<\/h2>\n\n\n\n<p>Die AVALEMS begr\u00fcsst den Vorentwurf in seiner Gesamtheit, insbesondere die Massnahmen, die sich auf die Lebensqualit\u00e4t der Bewohnerinnen und Bewohner von Alters- und Pflegeheimen auswirken. Die Vereinigung weist jedoch auf einen Mangel in den vorgeschlagenen Massnahmen hin.<\/p>\n\n\n\n<h2 class=\"wp-block-heading\">Entwicklung<\/h2>\n\n\n\n<p><strong>Vernehmlassungsfrage:<\/strong> &#8222;Bef\u00fcrworten Sie die Massnahme, die Grenze f\u00fcr die Hygienepflege von Bez\u00fcgern von Erg\u00e4nzungsleistungen zur AHV\/IV zu erh\u00f6hen, indem eine Obergrenze geschaffen wird, die je nach Situation des Patienten angepasst werden kann?&#8220;<\/p>\n\n\n\n<p><strong>Antwort der AVALEMS: <\/strong>Vollst\u00e4ndig ja.<\/p>\n\n\n\n<div style=\"height:10px\" aria-hidden=\"true\" class=\"wp-block-spacer\"><\/div>\n\n\n\n<p><strong>Frage der Konsultation:<\/strong> &#8222;Bef\u00fcrworten Sie die Einf\u00fchrung einer zahn\u00e4rztlichen Beratung f\u00fcr \u00e4ltere Menschen innerhalb von drei Monaten nach ihrem Eintritt in ein Pflegeheim?&#8220;<\/p>\n\n\n\n<p><strong>Antwort der AVALEMS: <\/strong>Eher ja. Die AVALEMS unterst\u00fctzt diese Massnahme voll und ganz, allerdings w\u00fcnscht die Vereinigung, dass Massnahme 20 des Berichts der ausserparlamentarischen Kommission ebenfalls in das Paket aufgenommen wird: &#8222;Die Ernennung eines verantwortlichen Zahnarztes pro Alters- und Pflegeheim im Rahmen der Bewilligungsrichtlinien verlangen. Der verantwortliche Zahnarzt hat die Aufgabe, das Pflegepersonal zu schulen.<\/p>\n","protected":false},"excerpt":{"rendered":"<p>Die AVALEMS begr\u00fcsst den Vorentwurf in seiner Gesamtheit, insbesondere die Massnahmen, die sich auf die Lebensqualit\u00e4t der Bewohnerinnen und Bewohner von Alters- und Pflegeheimen auswirken. Die Vereinigung weist jedoch auf einen Mangel in den vorgeschlagenen Massnahmen hin.<\/p>\n","protected":false},"author":152,"featured_media":2612,"comment_status":"open","ping_status":"open","sticky":false,"template":"","format":"standard","meta":{"footnotes":""},"categories":[50],"tags":[],"coauthors":[106],"class_list":["post-16343","post","type-post","status-publish","format-standard","has-post-thumbnail","hentry","category-stellungnahmen"],"publishpress_future_action":{"enabled":false,"date":"2026-05-28 12:11:41","action":"change-status","newStatus":"draft","terms":[],"taxonomy":"category","extraData":[]},"publishpress_future_workflow_manual_trigger":{"enabledWorkflows":[]},"_links":{"self":[{"href":"https:\/\/avalems.ch\/de\/wp-json\/wp\/v2\/posts\/16343","targetHints":{"allow":["GET"]}}],"collection":[{"href":"https:\/\/avalems.ch\/de\/wp-json\/wp\/v2\/posts"}],"about":[{"href":"https:\/\/avalems.ch\/de\/wp-json\/wp\/v2\/types\/post"}],"author":[{"embeddable":true,"href":"https:\/\/avalems.ch\/de\/wp-json\/wp\/v2\/users\/152"}],"replies":[{"embeddable":true,"href":"https:\/\/avalems.ch\/de\/wp-json\/wp\/v2\/comments?post=16343"}],"version-history":[{"count":12,"href":"https:\/\/avalems.ch\/de\/wp-json\/wp\/v2\/posts\/16343\/revisions"}],"predecessor-version":[{"id":16603,"href":"https:\/\/avalems.ch\/de\/wp-json\/wp\/v2\/posts\/16343\/revisions\/16603"}],"wp:featuredmedia":[{"embeddable":true,"href":"https:\/\/avalems.ch\/de\/wp-json\/wp\/v2\/media\/2612"}],"wp:attachment":[{"href":"https:\/\/avalems.ch\/de\/wp-json\/wp\/v2\/media?parent=16343"}],"wp:term":[{"taxonomy":"category","embeddable":true,"href":"https:\/\/avalems.ch\/de\/wp-json\/wp\/v2\/categories?post=16343"},{"taxonomy":"post_tag","embeddable":true,"href":"https:\/\/avalems.ch\/de\/wp-json\/wp\/v2\/tags?post=16343"},{"taxonomy":"author","embeddable":true,"href":"https:\/\/avalems.ch\/de\/wp-json\/wp\/v2\/coauthors?post=16343"}],"curies":[{"name":"wp","href":"https:\/\/api.w.org\/{rel}","templated":true}]}}