{"id":1525,"date":"2021-05-11T21:09:00","date_gmt":"2021-05-11T21:09:00","guid":{"rendered":"https:\/\/testavalems.opointzero.ch\/directives-concernant-la-tenue-de-la-comptabilite-financiere-et-la-cloture-des-comptes-des-ems\/"},"modified":"2021-08-12T07:01:54","modified_gmt":"2021-08-12T07:01:54","slug":"directives-concernant-la-tenue-de-la-comptabilite-financiere-et-la-cloture-des-comptes-des-ems","status":"publish","type":"post","link":"https:\/\/avalems.ch\/de\/directives-concernant-la-tenue-de-la-comptabilite-financiere-et-la-cloture-des-comptes-des-ems\/","title":{"rendered":"Richtlinien \u00fcber die Finanzbuchhaltung und den Finanzbuchhaltungsabschluss der Pflegeheime (APH)"},"content":{"rendered":"\n<p>Im Rahmen der Vernehmlassung des Departements f\u00fcr Gesundheit, Soziales und Kultur der Richtlinien\u00fcber die Finanzbuchhaltung und den Finanzbuchhaltungsabschluss der Pflegeheime (APH)&nbsp; informiert die AVALEMS \u00fcber&nbsp;<a target=\"_blank\" href=\"https:\/\/www.avalems.ch\/data\/documents\/Positions\/20210422_DirectivesFinancires_DE.pdf\" rel=\"noreferrer noopener\">ihre Position&nbsp;<\/a>und vertitt damit die Position aller Pflegeheime des Kantons Wallis.&nbsp;<\/p>\n","protected":false},"excerpt":{"rendered":"<p>Im Rahmen der Vernehmlassung des Departements f\u00fcr Gesundheit, Soziales und Kultur der Richtlinien\u00fcber die Finanzbuchhaltung und den Finanzbuchhaltungsabschluss der Pflegeheime (APH)&nbsp; informiert die AVALEMS \u00fcber&nbsp;ihre Position&nbsp;und vertitt damit die Position [&hellip;]<\/p>\n","protected":false},"author":152,"featured_media":1516,"comment_status":"open","ping_status":"open","sticky":false,"template":"","format":"standard","meta":{"footnotes":""},"categories":[50],"tags":[],"coauthors":[],"class_list":["post-1525","post","type-post","status-publish","format-standard","has-post-thumbnail","hentry","category-stellungnahmen"],"publishpress_future_action":{"enabled":false,"date":"2026-05-30 03:02:29","action":"change-status","newStatus":"draft","terms":[],"taxonomy":"category","extraData":[]},"publishpress_future_workflow_manual_trigger":{"enabledWorkflows":[]},"_links":{"self":[{"href":"https:\/\/avalems.ch\/de\/wp-json\/wp\/v2\/posts\/1525","targetHints":{"allow":["GET"]}}],"collection":[{"href":"https:\/\/avalems.ch\/de\/wp-json\/wp\/v2\/posts"}],"about":[{"href":"https:\/\/avalems.ch\/de\/wp-json\/wp\/v2\/types\/post"}],"author":[{"embeddable":true,"href":"https:\/\/avalems.ch\/de\/wp-json\/wp\/v2\/users\/152"}],"replies":[{"embeddable":true,"href":"https:\/\/avalems.ch\/de\/wp-json\/wp\/v2\/comments?post=1525"}],"version-history":[{"count":1,"href":"https:\/\/avalems.ch\/de\/wp-json\/wp\/v2\/posts\/1525\/revisions"}],"predecessor-version":[{"id":1526,"href":"https:\/\/avalems.ch\/de\/wp-json\/wp\/v2\/posts\/1525\/revisions\/1526"}],"wp:featuredmedia":[{"embeddable":true,"href":"https:\/\/avalems.ch\/de\/wp-json\/wp\/v2\/media\/1516"}],"wp:attachment":[{"href":"https:\/\/avalems.ch\/de\/wp-json\/wp\/v2\/media?parent=1525"}],"wp:term":[{"taxonomy":"category","embeddable":true,"href":"https:\/\/avalems.ch\/de\/wp-json\/wp\/v2\/categories?post=1525"},{"taxonomy":"post_tag","embeddable":true,"href":"https:\/\/avalems.ch\/de\/wp-json\/wp\/v2\/tags?post=1525"},{"taxonomy":"author","embeddable":true,"href":"https:\/\/avalems.ch\/de\/wp-json\/wp\/v2\/coauthors?post=1525"}],"curies":[{"name":"wp","href":"https:\/\/api.w.org\/{rel}","templated":true}]}}