{"id":1482,"date":"2021-06-25T20:20:00","date_gmt":"2021-06-25T20:20:00","guid":{"rendered":"https:\/\/testavalems.opointzero.ch\/martigny-68-nouveaux-lits-ems-la-situation-se-detend-sur-le-front-de-laccueil-des-aines\/"},"modified":"2021-08-11T19:17:11","modified_gmt":"2021-08-11T19:17:11","slug":"martigny-68-nouveaux-lits-ems-la-situation-se-detend-sur-le-front-de-laccueil-des-aines","status":"publish","type":"post","link":"https:\/\/avalems.ch\/de\/martigny-68-nouveaux-lits-ems-la-situation-se-detend-sur-le-front-de-laccueil-des-aines\/","title":{"rendered":"Martigny: 68 nouveaux lits EMS, la situation se d\u00e9tend sur le front de l&#8217;accueil des a\u00een\u00e9s"},"content":{"rendered":"\n<p>\u00abLe taux d\u2019occupation des EMS valaisans est de 94% aujourd\u2019hui, mais la confiance est de mise pour l\u2019avenir \u00bb commente Arnaud Schaller, directeur de l&#8217;AVALEMS.<\/p>\n\n\n\n<p>Abritant notamment un EMS et des appartements prot\u00e9g\u00e9s, l\u2019immeuble La Bastida \u00e0 Martigny ouvre ses portes. L\u2019occasion de faire le point sur le front des \u00e9tablissements m\u00e9dicosociaux en Valais.<\/p>\n\n\n\n<p class=\"has-text-align-right\"><a target=\"_blank\" href=\"https:\/\/www.lenouvelliste.ch\/articles\/valais\/martigny-region\/martigny-68-nouveaux-lits-ems-a-l-entree-de-la-ville-la-situation-se-detend-sur-le-front-de-l-accueil-des-aines-1085607\" rel=\"noreferrer noopener\">Lire l&#8217;article complet sur le site du Nouvelliste<\/a><\/p>\n","protected":false},"excerpt":{"rendered":"<p>\u00abLe taux d\u2019occupation des EMS valaisans est de 94% aujourd\u2019hui, mais la confiance est de mise pour l\u2019avenir \u00bb commente Arnaud Schaller, directeur de l&#8217;AVALEMS. Abritant notamment un EMS et [&hellip;]<\/p>\n","protected":false},"author":152,"featured_media":1480,"comment_status":"open","ping_status":"open","sticky":false,"template":"","format":"standard","meta":{"footnotes":""},"categories":[46],"tags":[],"coauthors":[],"class_list":["post-1482","post","type-post","status-publish","format-standard","has-post-thumbnail","hentry","category-revue-de-presse-de"],"publishpress_future_action":{"enabled":false,"date":"2026-05-30 07:54:39","action":"change-status","newStatus":"draft","terms":[],"taxonomy":"category","extraData":[]},"publishpress_future_workflow_manual_trigger":{"enabledWorkflows":[]},"_links":{"self":[{"href":"https:\/\/avalems.ch\/de\/wp-json\/wp\/v2\/posts\/1482","targetHints":{"allow":["GET"]}}],"collection":[{"href":"https:\/\/avalems.ch\/de\/wp-json\/wp\/v2\/posts"}],"about":[{"href":"https:\/\/avalems.ch\/de\/wp-json\/wp\/v2\/types\/post"}],"author":[{"embeddable":true,"href":"https:\/\/avalems.ch\/de\/wp-json\/wp\/v2\/users\/152"}],"replies":[{"embeddable":true,"href":"https:\/\/avalems.ch\/de\/wp-json\/wp\/v2\/comments?post=1482"}],"version-history":[{"count":1,"href":"https:\/\/avalems.ch\/de\/wp-json\/wp\/v2\/posts\/1482\/revisions"}],"predecessor-version":[{"id":1483,"href":"https:\/\/avalems.ch\/de\/wp-json\/wp\/v2\/posts\/1482\/revisions\/1483"}],"wp:featuredmedia":[{"embeddable":true,"href":"https:\/\/avalems.ch\/de\/wp-json\/wp\/v2\/media\/1480"}],"wp:attachment":[{"href":"https:\/\/avalems.ch\/de\/wp-json\/wp\/v2\/media?parent=1482"}],"wp:term":[{"taxonomy":"category","embeddable":true,"href":"https:\/\/avalems.ch\/de\/wp-json\/wp\/v2\/categories?post=1482"},{"taxonomy":"post_tag","embeddable":true,"href":"https:\/\/avalems.ch\/de\/wp-json\/wp\/v2\/tags?post=1482"},{"taxonomy":"author","embeddable":true,"href":"https:\/\/avalems.ch\/de\/wp-json\/wp\/v2\/coauthors?post=1482"}],"curies":[{"name":"wp","href":"https:\/\/api.w.org\/{rel}","templated":true}]}}