{"id":13258,"date":"2022-06-30T08:03:00","date_gmt":"2022-06-30T06:03:00","guid":{"rendered":"https:\/\/www.avalems.ch\/?p=13258"},"modified":"2023-01-05T13:46:41","modified_gmt":"2023-01-05T12:46:41","slug":"vernehmlassung-vorentwurf-der-aenderung-des-gesetzes-ueber-die-krankenanstalten-und-institutionen","status":"publish","type":"post","link":"https:\/\/avalems.ch\/de\/vernehmlassung-vorentwurf-der-aenderung-des-gesetzes-ueber-die-krankenanstalten-und-institutionen\/","title":{"rendered":"Vorentwurf der \u00c4nderung des Gesetzes \u00fcber die Krankenanstalten und -institutionen"},"content":{"rendered":"\n<p>Der Staatsrat beaufrtagte das Departement f\u00fcr Gesundheit, Soziales und Kultur (DGSK) einen Entwurf einer spezifischen Gesetzesgrunlage f\u00fcr spitalexterne Strukturen mit Palliative-Care-Auftrag wie Hospize zu formulieren.<\/p>\n\n\n\n<p>Das DGSK hat in diesem Sinne einen Gesetzesvorentwurf ausgearbeitet, welche in Erwartung spezifischer Gesetzesgrundlagen auf Bundesebene vor\u00fcbergehenden Charakter h\u00e4tte.<\/p>\n\n\n\n<p class=\"has-black-color has-cyan-bluish-gray-background-color has-text-color has-background\"><strong>Position<\/strong><br>Die AVALEMS begr\u00fcsst das Vorhaben des Kantons Wallis, bis zur Einf\u00fchrung der \u00c4nderungen auf Bundesebene eine vorl\u00e4ufige gesetzliche Grundlage f\u00fcr den Betrieb von Hospizen f\u00fcr spezialisierte Palliative Care zu schaffen.<\/p>\n\n\n\n<h2 class=\"wp-block-heading\">Entwicklung<\/h2>\n\n\n\n<p>Insbesondere vertritt die AVALEMS die Interessen des Maison Azur. Dieses Mitglied ist direkt von diesem Entwurf betroffen; unsere Stellungnahme st\u00fctzt sich deshalb weitgehend auf die Stellungnahme dieser Einrichtung zur Vernehmlassung ab.<\/p>\n\n\n\n<p><strong>Artikel 45a Definition<\/strong><\/p>\n\n\n\n<p>Da im KVG die gesetzliche Grundlage fehlt, gelten Hospize f\u00fcr Palliative Care auf Bundesebene nicht als eigene Rechtspers\u00f6nlichkeiten.<\/p>\n\n\n\n<p>Auf kantonaler Ebene kann die Aufnahme der Betten von Hospizen f\u00fcr spezialisierte Palliative Care in die APH-Liste des Kantons Anlass zu Missverst\u00e4ndnissen geben, da die APH selbst eine allgemeine Palliativversorgung anbieten. Die AVALEMS ist allerdings der Ansicht, dass diese Einteilung angesichts einer auf Bundesebene fehlenden Alternative die einzig m\u00f6gliche Grundlage ist, und der erl\u00e4uternde Bericht legt ausf\u00fchrlich und angemessen dar, dass die Betten zwar gemeinsam gelistet, aber unterschiedlich finanziert werden.<\/p>\n\n\n\n<p><strong>Artikel 45b Finanzierung<\/strong><\/p>\n\n\n\n<p>Zu den angesprochenen Unterschieden bei der Finanzierung ist zu sagen, dass die Obergrenze der von den Krankenversicherern anerkannten Kosten durch die den APH gew\u00e4hrten Betr\u00e4ge bestimmt wird. Es ist daher zu w\u00fcnschen, dass der Bund diese Begrenzung in Zukunft durch seine Gesetzes\u00e4nderung aufhebt.<\/p>\n\n\n\n<p>Die finanzielle Beteiligung der oder des Versicherten sollte nach dem Spitalmodell gestaltet werden, damit niemand aufgrund fehlender Mittel abgewiesen werden muss.<\/p>\n\n\n\n<p><strong>Zus\u00e4tzliche Bemerkungen<\/strong><\/p>\n\n\n\n<p>In Zusammenhang mit der Vernehmlassung haben wir festgestellt, dass Artikel&nbsp;3 des GKAI auf das fr\u00fchere Gesundheitsgesetz (2008 statt 2020) Bezug nimmt. Die Gesetzes\u00e4nderung k\u00f6nnte zum Anlass genommen werden, diesen Punkt des GKAI ebenfalls zu \u00fcberarbeiten.<\/p>\n\n\n\n<p>Die AVALEMS fragt sich, an welcher Stelle die neuen Artikel eingef\u00fcgt werden sollen. Kapitel&nbsp;2.4 des GKAI bezieht sich auf die Infrastrukturen, w\u00e4hrend die Institutionen in [Kapitel 1.1] Artikel&nbsp;3 definiert werden.<\/p>\n\n\n\n<p>Die AVALEMS weist darauf hin, dass Artikel&nbsp;20 des GKAI die Chance bietet, dass \u00abder Staatsrat [&#8230;] im Rahmen seiner finanziellen Zust\u00e4ndigkeit und des Voranschlags die Betriebs- oder Investitionsausgaben anderer Krankenanstalten oder -institutionen subventionieren [kann]\u00bb.<\/p>\n","protected":false},"excerpt":{"rendered":"<p>Die AVALEMS begr\u00fcsst das Vorhaben des Kantons Wallis, bis zur Einf\u00fchrung der \u00c4nderungen auf Bundesebene eine vorl\u00e4ufige gesetzliche Grundlage f\u00fcr den Betrieb von Hospizen f\u00fcr spezialisierte Palliative Care zu schaffen.<\/p>\n","protected":false},"author":152,"featured_media":2611,"comment_status":"open","ping_status":"open","sticky":false,"template":"","format":"standard","meta":{"footnotes":""},"categories":[50,49],"tags":[],"coauthors":[106],"class_list":["post-13258","post","type-post","status-publish","format-standard","has-post-thumbnail","hentry","category-stellungnahmen","category-prises-de-position"],"publishpress_future_action":{"enabled":false,"date":"2026-05-26 12:48:08","action":"change-status","newStatus":"draft","terms":[],"taxonomy":"category","extraData":[]},"publishpress_future_workflow_manual_trigger":{"enabledWorkflows":[]},"_links":{"self":[{"href":"https:\/\/avalems.ch\/de\/wp-json\/wp\/v2\/posts\/13258","targetHints":{"allow":["GET"]}}],"collection":[{"href":"https:\/\/avalems.ch\/de\/wp-json\/wp\/v2\/posts"}],"about":[{"href":"https:\/\/avalems.ch\/de\/wp-json\/wp\/v2\/types\/post"}],"author":[{"embeddable":true,"href":"https:\/\/avalems.ch\/de\/wp-json\/wp\/v2\/users\/152"}],"replies":[{"embeddable":true,"href":"https:\/\/avalems.ch\/de\/wp-json\/wp\/v2\/comments?post=13258"}],"version-history":[{"count":10,"href":"https:\/\/avalems.ch\/de\/wp-json\/wp\/v2\/posts\/13258\/revisions"}],"predecessor-version":[{"id":16357,"href":"https:\/\/avalems.ch\/de\/wp-json\/wp\/v2\/posts\/13258\/revisions\/16357"}],"wp:featuredmedia":[{"embeddable":true,"href":"https:\/\/avalems.ch\/de\/wp-json\/wp\/v2\/media\/2611"}],"wp:attachment":[{"href":"https:\/\/avalems.ch\/de\/wp-json\/wp\/v2\/media?parent=13258"}],"wp:term":[{"taxonomy":"category","embeddable":true,"href":"https:\/\/avalems.ch\/de\/wp-json\/wp\/v2\/categories?post=13258"},{"taxonomy":"post_tag","embeddable":true,"href":"https:\/\/avalems.ch\/de\/wp-json\/wp\/v2\/tags?post=13258"},{"taxonomy":"author","embeddable":true,"href":"https:\/\/avalems.ch\/de\/wp-json\/wp\/v2\/coauthors?post=13258"}],"curies":[{"name":"wp","href":"https:\/\/api.w.org\/{rel}","templated":true}]}}